{"id":7235,"date":"2013-02-13T13:49:00","date_gmt":"2013-02-13T12:49:00","guid":{"rendered":""},"modified":"2024-11-12T14:22:50","modified_gmt":"2024-11-12T13:22:50","slug":"unha-vitoria-n-derrotas-hai-que-seguir","status":"publish","type":"post","link":"https:\/\/blogs.amarinha.gal\/ribadeando\/2013\/02\/13\/unha-vitoria-n-derrotas-hai-que-seguir\/","title":{"rendered":"Unha vitoria \/ n derrotas &#8230; hai que seguir loitando"},"content":{"rendered":"<p>\u00d3 f\u00edo da <a href=\"http:\/\/ribadeando.blogspot.com.es\/2013\/02\/unha-vitoriaunha-derrota.html\" target=\"_blank\" rel=\"noopener\">entrada anterior<\/a>, deixo algo que far\u00eda rir, se non fora porque aumenta a indignaci\u00f3n: O <a href=\"http:\/\/www.elperiodico.com\/es\/noticias\/ignacio-escolar\/inutil-tribunal-cuentas-2309309\" target=\"_blank\" rel=\"noopener\">Tribunal de contas desaconsella que os partidos pol\u00edticos entren na lei de transparencia<\/a>. A resaltar que o Tribunal est\u00e1 controlado por PP e PSOE, logo alonxado dos cidad\u00e1ns alomenos por listas cerradas e elecci\u00f3ns \u00f3 cargo propostas a dedo.<\/p>\n","protected":false},"excerpt":{"rendered":"<p>\u00d3 f\u00edo da entrada anterior, deixo algo que far\u00eda rir, se non fora porque aumenta a indignaci\u00f3n: O Tribunal de contas desaconsella que os partidos pol\u00edticos entren na lei de transparencia. A resaltar que o Tribunal est\u00e1 controlado por PP e PSOE, logo alonxado dos cidad\u00e1ns alomenos por listas cerradas e elecci\u00f3ns \u00f3 cargo propostas [&hellip;]<\/p>\n","protected":false},"author":3,"featured_media":0,"comment_status":"open","ping_status":"closed","sticky":false,"template":"","format":"standard","meta":{"activitypub_content_warning":"","activitypub_content_visibility":"","activitypub_max_image_attachments":3,"activitypub_interaction_policy_quote":"anyone","activitypub_status":"federated","footnotes":""},"categories":[1],"tags":[13],"class_list":["post-7235","post","type-post","status-publish","format-standard","hentry","category-sen-categoria","tag-politica"],"_links":{"self":[{"href":"https:\/\/blogs.amarinha.gal\/ribadeando\/wp-json\/wp\/v2\/posts\/7235","targetHints":{"allow":["GET"]}}],"collection":[{"href":"https:\/\/blogs.amarinha.gal\/ribadeando\/wp-json\/wp\/v2\/posts"}],"about":[{"href":"https:\/\/blogs.amarinha.gal\/ribadeando\/wp-json\/wp\/v2\/types\/post"}],"author":[{"embeddable":true,"href":"https:\/\/blogs.amarinha.gal\/ribadeando\/wp-json\/wp\/v2\/users\/3"}],"replies":[{"embeddable":true,"href":"https:\/\/blogs.amarinha.gal\/ribadeando\/wp-json\/wp\/v2\/comments?post=7235"}],"version-history":[{"count":0,"href":"https:\/\/blogs.amarinha.gal\/ribadeando\/wp-json\/wp\/v2\/posts\/7235\/revisions"}],"wp:attachment":[{"href":"https:\/\/blogs.amarinha.gal\/ribadeando\/wp-json\/wp\/v2\/media?parent=7235"}],"wp:term":[{"taxonomy":"category","embeddable":true,"href":"https:\/\/blogs.amarinha.gal\/ribadeando\/wp-json\/wp\/v2\/categories?post=7235"},{"taxonomy":"post_tag","embeddable":true,"href":"https:\/\/blogs.amarinha.gal\/ribadeando\/wp-json\/wp\/v2\/tags?post=7235"}],"curies":[{"name":"wp","href":"https:\/\/api.w.org\/{rel}","templated":true}]}}