{"id":7230,"date":"2013-02-19T07:58:00","date_gmt":"2013-02-19T06:58:00","guid":{"rendered":""},"modified":"2024-11-12T14:22:43","modified_gmt":"2024-11-12T13:22:43","slug":"cambios-de-normas-electorais-en-ribadeo","status":"publish","type":"post","link":"https:\/\/blogs.amarinha.gal\/ribadeando\/2013\/02\/19\/cambios-de-normas-electorais-en-ribadeo\/","title":{"rendered":"Os cambios de normas electorais e Ribadeo"},"content":{"rendered":"<p>Ribadeo hai pouco que pasou de 10 000 habitantes. En principio, segundo a normativa actual, pasar\u00eda de ter 13 concelleiros a 17 nas pr\u00f3ximas elecci\u00f3ns. Agora, coa perspectiva dunha nova normativa, pode quedarse en 5.<\/p>\n<p>Voltando sobre as <a href=\"http:\/\/ribadeando.blogspot.com.es\/search\/label\/elecci%C3%B3ns%202011\" target=\"_blank\" rel=\"noopener\">elecci\u00f3ns 2011<\/a>, cabe facer un pequeno c\u00e1lculo de que pasar\u00eda en ambos casos, cos votos que tivo cada partido no seu momento, mesmo <em>sen preocuparse polas porcentaxes de participaci\u00f3n, porcentaxes de votos sobre o censo e creaci\u00f3n do escano vac\u00edo correspondente, inadecuaci\u00f3n entre porcentaxes de votos e de escanos, etc<\/em>, que marcar\u00edan diferenzas que poder\u00edan ser maiores en alg\u00fan sentido que as que pode dispor o cambio de normativa que se prantexa (e que non \u00e9 pequeno, adem\u00e1is do que po\u00f1o a continuaci\u00f3n, <a href=\"http:\/\/www.lavozdegalicia.es\/noticia\/amarina\/2013\/02\/19\/regulacion-sueldos-provoca-terremoto-politico-marina\/0003_201302X19C2991.htm\" target=\"_blank\" rel=\"noopener\">como sae hoxe mesmo no xornal<\/a> a conto do soldo dos alcaldes).<\/p>\n<p>Abaixo quedan:<\/p>\n<p>1. A distribuci\u00f3n actual e o c\u00e1lculo de concelleiros polo m\u00e9todo D&#8217;Hondt (fondo amarelo as fracci\u00f3ns con representaci\u00f3n, branco a primeira fracci\u00f3n sen representaci\u00f3n de cada partido).<\/p>\n<p>2. A distribuci\u00f3n cos mesmos votos e 17 concellerios a elixir, po\u00f1endo en fondo m\u00e1is escuro a distribuci\u00f3n dos novos electos. Esta distribuci\u00f3n rematar\u00eda coa maior\u00eda absoluta do BNG.<\/p>\n<p>3. A distribuci\u00f3n cos mesmos votos e a proposta de 5 concelleiros, po\u00f1endo igualmente en fondo amarelo as fracci\u00f3ns que resultar\u00edan xeradoras de escano. Neste caso, quedar\u00edan sen cadeira UPRi e PSOE, e o reparto ser\u00eda moi sinxelo: BNG 3, PP 2.<\/p>\n<p>M\u00e1is abaixo a distribuci\u00f3n gr\u00e1fica que da as porcentaxes de escanos de cada partido en cada un dos tres casos.<\/p>\n<p>Con iso, m\u00e1is os <a href=\"http:\/\/ribadeando.blogspot.com.es\/2011\/05\/flecos-electorais-e-lista-de.html\" target=\"_blank\" rel=\"noopener\">datos de abstenci\u00f3n, brancos e nulos<\/a>, vese que o mapa electoral est\u00e1 configurado m\u00e1is polas normas que polos votos &#8230;<\/p>\n<p><a href=\"https:\/\/blogger.googleusercontent.com\/img\/b\/R29vZ2xl\/AVvXsEjEPvUUuGIdGt0odSMAbse185TLO-DuOMv_kU4r7ZMHdMIDu320RTu5zFj6zIYM26L51rlNFij4-OVvW2IA1Puqemnv2dPUxskefm5kI4fhEGj1gSSQdOWdSINkjVhwOuN9vGoK-w\/s2048\/hipoteses+electorais+Ribadeo.jpg\" imageanchor=\"1\" style=\"margin-left: 1em; margin-right: 1em;\"><img loading=\"lazy\" decoding=\"async\" src=\"https:\/\/blogger.googleusercontent.com\/img\/b\/R29vZ2xl\/AVvXsEjEPvUUuGIdGt0odSMAbse185TLO-DuOMv_kU4r7ZMHdMIDu320RTu5zFj6zIYM26L51rlNFij4-OVvW2IA1Puqemnv2dPUxskefm5kI4fhEGj1gSSQdOWdSINkjVhwOuN9vGoK-w\/s2048\/hipoteses+electorais+Ribadeo.jpg\" height=\"496\" width=\"640\" \/><\/a><\/p>\n","protected":false},"excerpt":{"rendered":"<p>Ribadeo hai pouco que pasou de 10 000 habitantes. En principio, segundo a normativa actual, pasar\u00eda de ter 13 concelleiros a 17 nas pr\u00f3ximas elecci\u00f3ns. Agora, coa perspectiva dunha nova normativa, pode quedarse en 5. Voltando sobre as elecci\u00f3ns 2011, cabe facer un pequeno c\u00e1lculo de que pasar\u00eda en ambos casos, cos votos que tivo [&hellip;]<\/p>\n","protected":false},"author":3,"featured_media":0,"comment_status":"open","ping_status":"closed","sticky":false,"template":"","format":"standard","meta":{"activitypub_content_warning":"","activitypub_content_visibility":"","activitypub_max_image_attachments":3,"activitypub_interaction_policy_quote":"anyone","activitypub_status":"federated","footnotes":""},"categories":[1],"tags":[48,133,132,13,9],"class_list":["post-7230","post","type-post","status-publish","format-standard","hentry","category-sen-categoria","tag-eleccions","tag-eleccions-2011","tag-eleccions-municipais-2015","tag-politica","tag-sociedade"],"_links":{"self":[{"href":"https:\/\/blogs.amarinha.gal\/ribadeando\/wp-json\/wp\/v2\/posts\/7230","targetHints":{"allow":["GET"]}}],"collection":[{"href":"https:\/\/blogs.amarinha.gal\/ribadeando\/wp-json\/wp\/v2\/posts"}],"about":[{"href":"https:\/\/blogs.amarinha.gal\/ribadeando\/wp-json\/wp\/v2\/types\/post"}],"author":[{"embeddable":true,"href":"https:\/\/blogs.amarinha.gal\/ribadeando\/wp-json\/wp\/v2\/users\/3"}],"replies":[{"embeddable":true,"href":"https:\/\/blogs.amarinha.gal\/ribadeando\/wp-json\/wp\/v2\/comments?post=7230"}],"version-history":[{"count":0,"href":"https:\/\/blogs.amarinha.gal\/ribadeando\/wp-json\/wp\/v2\/posts\/7230\/revisions"}],"wp:attachment":[{"href":"https:\/\/blogs.amarinha.gal\/ribadeando\/wp-json\/wp\/v2\/media?parent=7230"}],"wp:term":[{"taxonomy":"category","embeddable":true,"href":"https:\/\/blogs.amarinha.gal\/ribadeando\/wp-json\/wp\/v2\/categories?post=7230"},{"taxonomy":"post_tag","embeddable":true,"href":"https:\/\/blogs.amarinha.gal\/ribadeando\/wp-json\/wp\/v2\/tags?post=7230"}],"curies":[{"name":"wp","href":"https:\/\/api.w.org\/{rel}","templated":true}]}}