{"id":7228,"date":"2013-02-21T08:00:00","date_gmt":"2013-02-21T07:00:00","guid":{"rendered":""},"modified":"2024-11-12T14:22:39","modified_gmt":"2024-11-12T13:22:39","slug":"seguindo-o-debate-dende-ribadeo","status":"publish","type":"post","link":"https:\/\/blogs.amarinha.gal\/ribadeando\/2013\/02\/21\/seguindo-o-debate-dende-ribadeo\/","title":{"rendered":"Seguindo o debate dende Ribadeo"},"content":{"rendered":"<p>O estado da naci\u00f3n non necesita debates sobre o pasado m\u00e1is que para aprender da historia. Evidentemente, non para escamotear o presente. As\u00ed, non \u00e9 de extra\u00f1ar que a audiencia do debate poida ser mellorable, ou que se fixera un oco nas novas a querella&nbsp; contra B\u00e1rcenas por parte dunha asociaci\u00f3n de dereitos humanos, enfocada a que se saen na investigaci\u00f3n m\u00e1is culpables, sexan tam\u00e9n implicados. \u00c1mbalasd\u00faas cousas marcar\u00edan por unha beira o alonxamento dos pol\u00edticos da cidadan\u00eda, e polo tanto, da realidade vista por n\u00f3s, e pola outra, unha falta de transparencia que permite permite o mirar para otra beira, os abusos e a descoordinaci\u00f3n entre o goberno e a cidadan\u00eda. En canto \u00e1 primeira, o alonxamento pol\u00edticos\/cidad\u00e1ns, pode ir a\u00ednda a m\u00e1is, a\u00ednda que nos resulte dificil de crer. En canto \u00e1 segunda, unha vez rota a espereranza de mellora coa nova lei de transparencia e a s\u00faa aplicaci\u00f3n, pouco cami\u00f1o lle queda para chegar a l\u00edmites impensables. Entre ambas, a democracia queda en un algo ficticio, cunha divisi\u00f3n en clases cidad\u00e1s segundo os contactos que se te\u00f1a co poder, reservado \u00f3 estilo dictatorial para un entramado partidista a traverso de portas de entrada\/sa\u00edda coa c\u00fapula econ\u00f3mica, control xudicial a traverso de fiscal\u00eda e nomeamentos, control da opini\u00f3n a traverso de mantemento econ\u00f3mico, etc. E ise debate, a sobre democracia ficticia, non o houbo onte.<\/p>\n","protected":false},"excerpt":{"rendered":"<p>O estado da naci\u00f3n non necesita debates sobre o pasado m\u00e1is que para aprender da historia. Evidentemente, non para escamotear o presente. As\u00ed, non \u00e9 de extra\u00f1ar que a audiencia do debate poida ser mellorable, ou que se fixera un oco nas novas a querella&nbsp; contra B\u00e1rcenas por parte dunha asociaci\u00f3n de dereitos humanos, enfocada [&hellip;]<\/p>\n","protected":false},"author":3,"featured_media":0,"comment_status":"open","ping_status":"closed","sticky":false,"template":"","format":"standard","meta":{"activitypub_content_warning":"","activitypub_content_visibility":"","activitypub_max_image_attachments":3,"activitypub_interaction_policy_quote":"anyone","activitypub_status":"federated","footnotes":""},"categories":[1],"tags":[13],"class_list":["post-7228","post","type-post","status-publish","format-standard","hentry","category-sen-categoria","tag-politica"],"_links":{"self":[{"href":"https:\/\/blogs.amarinha.gal\/ribadeando\/wp-json\/wp\/v2\/posts\/7228","targetHints":{"allow":["GET"]}}],"collection":[{"href":"https:\/\/blogs.amarinha.gal\/ribadeando\/wp-json\/wp\/v2\/posts"}],"about":[{"href":"https:\/\/blogs.amarinha.gal\/ribadeando\/wp-json\/wp\/v2\/types\/post"}],"author":[{"embeddable":true,"href":"https:\/\/blogs.amarinha.gal\/ribadeando\/wp-json\/wp\/v2\/users\/3"}],"replies":[{"embeddable":true,"href":"https:\/\/blogs.amarinha.gal\/ribadeando\/wp-json\/wp\/v2\/comments?post=7228"}],"version-history":[{"count":0,"href":"https:\/\/blogs.amarinha.gal\/ribadeando\/wp-json\/wp\/v2\/posts\/7228\/revisions"}],"wp:attachment":[{"href":"https:\/\/blogs.amarinha.gal\/ribadeando\/wp-json\/wp\/v2\/media?parent=7228"}],"wp:term":[{"taxonomy":"category","embeddable":true,"href":"https:\/\/blogs.amarinha.gal\/ribadeando\/wp-json\/wp\/v2\/categories?post=7228"},{"taxonomy":"post_tag","embeddable":true,"href":"https:\/\/blogs.amarinha.gal\/ribadeando\/wp-json\/wp\/v2\/tags?post=7228"}],"curies":[{"name":"wp","href":"https:\/\/api.w.org\/{rel}","templated":true}]}}