{"id":7222,"date":"2013-02-27T08:00:00","date_gmt":"2013-02-27T07:00:00","guid":{"rendered":""},"modified":"2024-11-12T14:22:29","modified_gmt":"2024-11-12T13:22:29","slug":"a-galipedia-10-anos-xa-actividade-en","status":"publish","type":"post","link":"https:\/\/blogs.amarinha.gal\/ribadeando\/2013\/02\/27\/a-galipedia-10-anos-xa-actividade-en\/","title":{"rendered":"A Galipedia, 10 anos xa: actividade en Ribadeo"},"content":{"rendered":"<p>&#8211;&gt;<\/p>\n<p align=\"CENTER\"><u>Nota de prensa<\/u><\/p>\n<p align=\"JUSTIFY\">A Galipedia, a versi\u00f3n<br \/>\ngalega da wikipedia, cumpre 10 anos o pr\u00f3ximo 8 de marzo.<\/p>\n<p align=\"JUSTIFY\">Despois de aparecer a<br \/>\nwikipedia no 2001, o 8 de marzo de 2003 o usuario ILVI, ling\u00fcista<br \/>\nnorteamericano, creaba a primeira versi\u00f3n da portada da Galipedia e,<br \/>\ncinco d\u00edas despois, o primeiro artigo, dedicado \u00e1 conxunci\u00f3n ou.<br \/>\nHoxe, a Galipedia est\u00e1 a menos de 900 artigos dos 100 000,<br \/>\naumentando \u00f3 tempo a s\u00faa calidade grazas ao traballo de miles de<br \/>\nvoluntarios e aos mecanismos comunitarios de revisi\u00f3n entre iguais,<br \/>\ne vese acompa\u00f1ada de varios proxectos irm\u00e1ns que a complementan,<br \/>\ncomo Galicitas ou Galilibros.<\/p>\n<p align=\"JUSTIFY\">Para celebrar ista<br \/>\nhistoria de \u00e9xito do colectivo, o d\u00eda 9 de marzo e en colaboraci\u00f3n<br \/>\ncon Wikimedia espa\u00f1a, celebrarase un encontro central en Santiago, e<br \/>\narredor desa data, diversas actividades en varios lugares de Galicia,<br \/>\nentre eles, Ribadeo, onde o 15 de marzo, na Casa da Xuventude, \u00e1s<br \/>\n20:00 horas ter\u00e1 lugar unha actividade que constar\u00e1 dunha parte<br \/>\nexpositiva de preseentaci\u00f3n da Galipedia e unha parte pr\u00e1tica,<br \/>\nobradoiro de introduci\u00f3n \u00f3 seu manexo. Cada un dos apartados ter\u00e1<br \/>\nunha duraci\u00f3n aproximada dunha hora, e ser\u00e1 levada por A. Gregorio,<br \/>\nque tam\u00e9n participar\u00e1 no encontro central de Santiago.<\/p>\n<p align=\"JUSTIFY\">Adx\u00fantase o cartel<br \/>\nanunciador e a p\u00e1xina colaborativa para referir as actividades de<br \/>\ncelebraci\u00f3n \u00f3 longo de Galicia:<br \/>\n<span style=\"color: navy;\"><span lang=\"zxx\"><u><a href=\"http:\/\/gl.wikipedia.org\/wiki\/Wikipedia:Participaci%C3%B3n_activa\">http:\/\/gl.wikipedia.org\/wiki\/Wikipedia:Participaci\u00f3n_activa<\/a><\/u><\/span><\/span><\/p>\n<p><a href=\"http:\/\/upload.wikimedia.org\/wikipedia\/gl\/6\/67\/GalipediaF2013.png\" imageanchor=\"1\" style=\"margin-left: 1em; margin-right: 1em;\"><img loading=\"lazy\" decoding=\"async\" src=\"http:\/\/upload.wikimedia.org\/wikipedia\/gl\/6\/67\/GalipediaF2013.png\" height=\"640\" width=\"444\" \/><\/a><\/p>\n<p>&#8212;<\/p>\n<p>Un complemento: A felicitaci\u00f3n da Wikimedia Foundation recibida para felicitar o ano 2006.<\/p>\n<p><a href=\"https:\/\/blogger.googleusercontent.com\/img\/b\/R29vZ2xl\/AVvXsEiMFXNEEZ1h5Bz5NXemDh0KgqzibTPNg6n0CxEZOR00w2s_eddkjc7NZnw-thM3zId1DQA6_874dGldP1J0R5B3wj9yKsoV8EC6UP6VxXWoPufgPE3WB9zIJ107hXnwzkvKa7cGkQ\/s2048\/Wikimedia+Foundation+Felicitaci%25C3%25B3n+para+2006-1_.jpg\" imageanchor=\"1\" style=\"margin-left: 1em; margin-right: 1em;\"><img loading=\"lazy\" decoding=\"async\" height=\"330\" src=\"https:\/\/blogger.googleusercontent.com\/img\/b\/R29vZ2xl\/AVvXsEiMFXNEEZ1h5Bz5NXemDh0KgqzibTPNg6n0CxEZOR00w2s_eddkjc7NZnw-thM3zId1DQA6_874dGldP1J0R5B3wj9yKsoV8EC6UP6VxXWoPufgPE3WB9zIJ107hXnwzkvKa7cGkQ\/s2048\/Wikimedia+Foundation+Felicitaci%25C3%25B3n+para+2006-1_.jpg\" width=\"640\" \/><\/a><\/p>\n<p><a href=\"https:\/\/blogger.googleusercontent.com\/img\/b\/R29vZ2xl\/AVvXsEj-ZQnk08m97-fwxQ52kRVrXVJjrXT4GwbQlKGbn7qaMgMGFFa_J6m7LTXiTqXk5WNQDBJzkpXiZXDvtbp_Iu_FpltZq5dzxRvhi8TmUTR7fCDxwdL0COYQqbl-QzPxENdrm1Uc6A\/s2048\/Wikimedia+Foundation+Felicitaci%25C3%25B3n+para+2006-2_.jpg\" imageanchor=\"1\" style=\"margin-left: 1em; margin-right: 1em;\"><img loading=\"lazy\" decoding=\"async\" height=\"476\" src=\"https:\/\/blogger.googleusercontent.com\/img\/b\/R29vZ2xl\/AVvXsEj-ZQnk08m97-fwxQ52kRVrXVJjrXT4GwbQlKGbn7qaMgMGFFa_J6m7LTXiTqXk5WNQDBJzkpXiZXDvtbp_Iu_FpltZq5dzxRvhi8TmUTR7fCDxwdL0COYQqbl-QzPxENdrm1Uc6A\/s2048\/Wikimedia+Foundation+Felicitaci%25C3%25B3n+para+2006-2_.jpg\" width=\"640\" \/><\/a><\/p>\n<p><a href=\"https:\/\/blogger.googleusercontent.com\/img\/b\/R29vZ2xl\/AVvXsEg4XR1jJCOmlqWToftG1P6xbk5KNXOOpRNhpMzXMqNFxK3QEz0dafEzyjaFcJpkeAUU-5pRb3MUL_tReqBhEgDPUubvjwQXnr1mTHVlz1Lx_rPuLtR4zM7VE7miNk_waV3czU4Lpw\/s2048\/Wikimedia+Foundation+Felicitaci%25C3%25B3n+para+2006-3_.jpg\" imageanchor=\"1\" style=\"margin-left: 1em; margin-right: 1em;\"><img loading=\"lazy\" decoding=\"async\" height=\"460\" src=\"https:\/\/blogger.googleusercontent.com\/img\/b\/R29vZ2xl\/AVvXsEg4XR1jJCOmlqWToftG1P6xbk5KNXOOpRNhpMzXMqNFxK3QEz0dafEzyjaFcJpkeAUU-5pRb3MUL_tReqBhEgDPUubvjwQXnr1mTHVlz1Lx_rPuLtR4zM7VE7miNk_waV3czU4Lpw\/s2048\/Wikimedia+Foundation+Felicitaci%25C3%25B3n+para+2006-3_.jpg\" width=\"640\" \/><\/a><\/p>\n","protected":false},"excerpt":{"rendered":"<p>&#8211;&gt; Nota de prensa A Galipedia, a versi\u00f3n galega da wikipedia, cumpre 10 anos o pr\u00f3ximo 8 de marzo. Despois de aparecer a wikipedia no 2001, o 8 de marzo de 2003 o usuario ILVI, ling\u00fcista norteamericano, creaba a primeira versi\u00f3n da portada da Galipedia e, cinco d\u00edas despois, o primeiro artigo, dedicado \u00e1 conxunci\u00f3n [&hellip;]<\/p>\n","protected":false},"author":3,"featured_media":0,"comment_status":"open","ping_status":"closed","sticky":false,"template":"","format":"standard","meta":{"activitypub_content_warning":"","activitypub_content_visibility":"","activitypub_max_image_attachments":3,"activitypub_interaction_policy_quote":"anyone","activitypub_status":"federated","footnotes":""},"categories":[1],"tags":[10,63,9],"class_list":["post-7222","post","type-post","status-publish","format-standard","hentry","category-sen-categoria","tag-cultura","tag-galipedia","tag-sociedade"],"_links":{"self":[{"href":"https:\/\/blogs.amarinha.gal\/ribadeando\/wp-json\/wp\/v2\/posts\/7222","targetHints":{"allow":["GET"]}}],"collection":[{"href":"https:\/\/blogs.amarinha.gal\/ribadeando\/wp-json\/wp\/v2\/posts"}],"about":[{"href":"https:\/\/blogs.amarinha.gal\/ribadeando\/wp-json\/wp\/v2\/types\/post"}],"author":[{"embeddable":true,"href":"https:\/\/blogs.amarinha.gal\/ribadeando\/wp-json\/wp\/v2\/users\/3"}],"replies":[{"embeddable":true,"href":"https:\/\/blogs.amarinha.gal\/ribadeando\/wp-json\/wp\/v2\/comments?post=7222"}],"version-history":[{"count":0,"href":"https:\/\/blogs.amarinha.gal\/ribadeando\/wp-json\/wp\/v2\/posts\/7222\/revisions"}],"wp:attachment":[{"href":"https:\/\/blogs.amarinha.gal\/ribadeando\/wp-json\/wp\/v2\/media?parent=7222"}],"wp:term":[{"taxonomy":"category","embeddable":true,"href":"https:\/\/blogs.amarinha.gal\/ribadeando\/wp-json\/wp\/v2\/categories?post=7222"},{"taxonomy":"post_tag","embeddable":true,"href":"https:\/\/blogs.amarinha.gal\/ribadeando\/wp-json\/wp\/v2\/tags?post=7222"}],"curies":[{"name":"wp","href":"https:\/\/api.w.org\/{rel}","templated":true}]}}