{"id":7212,"date":"2013-03-08T07:24:00","date_gmt":"2013-03-08T06:24:00","guid":{"rendered":""},"modified":"2024-11-12T14:22:07","modified_gmt":"2024-11-12T13:22:07","slug":"dia-d-hora-h","status":"publish","type":"post","link":"https:\/\/blogs.amarinha.gal\/ribadeando\/2013\/03\/08\/dia-d-hora-h\/","title":{"rendered":"D\u00eda D &#8230; hora H? (I)"},"content":{"rendered":"<p><span>&nbsp;&nbsp; &nbsp;<\/span>Hoxe pensaba adicar a entrada \u00e1 muller: <a href=\"http:\/\/ribadeando.blogspot.com.es\/2013\/03\/as-novas-ruas-nomeadas-en-ribadeo-en.html\" target=\"_blank\" rel=\"noopener\">en Ribadeo d\u00e1selles nome de muller \u00e1s r\u00faas<\/a>, act\u00faan diversos grupos na s\u00faa honra, hai lectura de poemas \u00e1 noite, &#8230; por po\u00f1er un exemplo, a m\u00e1is de que xa de ma\u00f1anci\u00f1a levo visto varias citas de Rosal\u00eda ou Curros adicadas \u00e1 muller entre alusi\u00f3ns diversas en vi\u00f1etas, ou fotos de xente (entre eles, eu) con carteis alusivos \u00e1 igualdade entre muller e home e m\u00e1is &#8230;<\/p>\n<p><span>&nbsp;&nbsp; &nbsp;<\/span>Si, hoxe \u00e9 o d\u00eda da muller. E ma\u00f1\u00e1?<\/p>\n<p><span>&nbsp;&nbsp; &nbsp;<\/span>Si, hoxe \u00e9 o d\u00eda da muller. E \u00e9 a hora da muller?<\/p>\n<p><span>&nbsp;&nbsp; &nbsp;<\/span>Si, hoxe \u00e9 o d\u00eda da muller. En que se nota no d\u00eda a d\u00eda?<\/p>\n<p><span>&nbsp;&nbsp; &nbsp;<\/span>Mulleres e homes somos diferentes: non hai que confundir igualdade de dereito e de trato con igualdade de aspecto ou org\u00e1nica. Ser diferente non impide o igual trato, nin debe usarse para o mal trato.<\/p>\n","protected":false},"excerpt":{"rendered":"<p>&nbsp;&nbsp; &nbsp;Hoxe pensaba adicar a entrada \u00e1 muller: en Ribadeo d\u00e1selles nome de muller \u00e1s r\u00faas, act\u00faan diversos grupos na s\u00faa honra, hai lectura de poemas \u00e1 noite, &#8230; por po\u00f1er un exemplo, a m\u00e1is de que xa de ma\u00f1anci\u00f1a levo visto varias citas de Rosal\u00eda ou Curros adicadas \u00e1 muller entre alusi\u00f3ns diversas en [&hellip;]<\/p>\n","protected":false},"author":3,"featured_media":0,"comment_status":"open","ping_status":"closed","sticky":false,"template":"","format":"standard","meta":{"activitypub_content_warning":"","activitypub_content_visibility":"","activitypub_max_image_attachments":3,"activitypub_interaction_policy_quote":"anyone","activitypub_status":"federate","footnotes":""},"categories":[1],"tags":[9],"class_list":["post-7212","post","type-post","status-publish","format-standard","hentry","category-sen-categoria","tag-sociedade"],"_links":{"self":[{"href":"https:\/\/blogs.amarinha.gal\/ribadeando\/wp-json\/wp\/v2\/posts\/7212","targetHints":{"allow":["GET"]}}],"collection":[{"href":"https:\/\/blogs.amarinha.gal\/ribadeando\/wp-json\/wp\/v2\/posts"}],"about":[{"href":"https:\/\/blogs.amarinha.gal\/ribadeando\/wp-json\/wp\/v2\/types\/post"}],"author":[{"embeddable":true,"href":"https:\/\/blogs.amarinha.gal\/ribadeando\/wp-json\/wp\/v2\/users\/3"}],"replies":[{"embeddable":true,"href":"https:\/\/blogs.amarinha.gal\/ribadeando\/wp-json\/wp\/v2\/comments?post=7212"}],"version-history":[{"count":0,"href":"https:\/\/blogs.amarinha.gal\/ribadeando\/wp-json\/wp\/v2\/posts\/7212\/revisions"}],"wp:attachment":[{"href":"https:\/\/blogs.amarinha.gal\/ribadeando\/wp-json\/wp\/v2\/media?parent=7212"}],"wp:term":[{"taxonomy":"category","embeddable":true,"href":"https:\/\/blogs.amarinha.gal\/ribadeando\/wp-json\/wp\/v2\/categories?post=7212"},{"taxonomy":"post_tag","embeddable":true,"href":"https:\/\/blogs.amarinha.gal\/ribadeando\/wp-json\/wp\/v2\/tags?post=7212"}],"curies":[{"name":"wp","href":"https:\/\/api.w.org\/{rel}","templated":true}]}}