{"id":7208,"date":"2013-03-13T08:07:00","date_gmt":"2013-03-13T07:07:00","guid":{"rendered":""},"modified":"2024-11-12T14:22:00","modified_gmt":"2024-11-12T13:22:00","slug":"analise-politica-galega-dende-unha","status":"publish","type":"post","link":"https:\/\/blogs.amarinha.gal\/ribadeando\/2013\/03\/13\/analise-politica-galega-dende-unha\/","title":{"rendered":"An\u00e1lise pol\u00edtica galega dende unha perspectiva de Ribadeo e o partido no goberno municipal"},"content":{"rendered":"<p>&#8230; O t\u00edtulo \u00e9 moi amplo para pouca cousa que quero dicir &#8230;<\/p>\n<p>Onte o xornal f\u00edxose eco da postura do alcalde ribadense, Fernando Su\u00e1rez, sobre a deriva independentista do BNG tras a \u00faltima asamblea. \u00d3 ver a nova, pas\u00e1ronseme pola cabeza d\u00faas cousas.<\/p>\n<p>A primeira, que en certo xeito, no interior do BNG est\u00e1n fartos uns dos outros (ou uns das posturas e feitos doutros) pero eses sentementos est\u00e1n mediatizados porque son conscientes de que unha divisi\u00f3n m\u00e1is posiblemente levar\u00eda a formaci\u00f3n f\u00f3ra do xogo pol\u00edtico, despois de sere sobrepasados por Anova &#8216;powered&#8217; por AGE\/Beiras.<\/p>\n<p>A segunda, que a postura de Fernando Su\u00e1rez corresponde cunha tendencia interna (de xeito semellante \u00f3 que ocorreu a vez pasada, cando quedou pendente dun f\u00edo no interior da formaci\u00f3n), neste caso xa minoritaria de comezo, que pon fincap\u00e9 na fidelidade \u00e1 formaci\u00f3n porque a\u00ednda que poideran ser acollidos con gusto noutras (AGE ou CxG), co paso do tempo estanse a ver cada vez m\u00e1is como advenedizos en calquera delas.<\/p>\n<p>As d\u00faas ideas, de non cambiar o fondo, ir\u00e1n medrando en importancia co paso do tempo, polo que non vir\u00eda mal que tanto o BNG en conxunto (no que, na nova direci\u00f3n, ten algo que dicir Xavier Campos) como os &#8216;cr\u00edticos&#8217; en particular, deran un paso adiante non de xeito interno, sen\u00f3n de cara \u00e1 cidadan\u00eda, que fora claramente interpretable como de achegamento e mellora da terra. E a\u00ed quiz\u00e1is a experiencia dos alcaldes en funci\u00f3ns poda vir ben \u00e1 formaci\u00f3n &#8230; pero non se debera quedar a\u00ed<\/p>\n","protected":false},"excerpt":{"rendered":"<p>&#8230; O t\u00edtulo \u00e9 moi amplo para pouca cousa que quero dicir &#8230; Onte o xornal f\u00edxose eco da postura do alcalde ribadense, Fernando Su\u00e1rez, sobre a deriva independentista do BNG tras a \u00faltima asamblea. \u00d3 ver a nova, pas\u00e1ronseme pola cabeza d\u00faas cousas. A primeira, que en certo xeito, no interior do BNG est\u00e1n [&hellip;]<\/p>\n","protected":false},"author":3,"featured_media":0,"comment_status":"open","ping_status":"closed","sticky":false,"template":"","format":"standard","meta":{"activitypub_content_warning":"","activitypub_content_visibility":"","activitypub_max_image_attachments":3,"activitypub_interaction_policy_quote":"anyone","activitypub_status":"federate","footnotes":""},"categories":[1],"tags":[13],"class_list":["post-7208","post","type-post","status-publish","format-standard","hentry","category-sen-categoria","tag-politica"],"_links":{"self":[{"href":"https:\/\/blogs.amarinha.gal\/ribadeando\/wp-json\/wp\/v2\/posts\/7208","targetHints":{"allow":["GET"]}}],"collection":[{"href":"https:\/\/blogs.amarinha.gal\/ribadeando\/wp-json\/wp\/v2\/posts"}],"about":[{"href":"https:\/\/blogs.amarinha.gal\/ribadeando\/wp-json\/wp\/v2\/types\/post"}],"author":[{"embeddable":true,"href":"https:\/\/blogs.amarinha.gal\/ribadeando\/wp-json\/wp\/v2\/users\/3"}],"replies":[{"embeddable":true,"href":"https:\/\/blogs.amarinha.gal\/ribadeando\/wp-json\/wp\/v2\/comments?post=7208"}],"version-history":[{"count":0,"href":"https:\/\/blogs.amarinha.gal\/ribadeando\/wp-json\/wp\/v2\/posts\/7208\/revisions"}],"wp:attachment":[{"href":"https:\/\/blogs.amarinha.gal\/ribadeando\/wp-json\/wp\/v2\/media?parent=7208"}],"wp:term":[{"taxonomy":"category","embeddable":true,"href":"https:\/\/blogs.amarinha.gal\/ribadeando\/wp-json\/wp\/v2\/categories?post=7208"},{"taxonomy":"post_tag","embeddable":true,"href":"https:\/\/blogs.amarinha.gal\/ribadeando\/wp-json\/wp\/v2\/tags?post=7208"}],"curies":[{"name":"wp","href":"https:\/\/api.w.org\/{rel}","templated":true}]}}