{"id":7187,"date":"2013-04-06T10:01:00","date_gmt":"2013-04-06T08:01:00","guid":{"rendered":""},"modified":"2024-11-12T14:21:22","modified_gmt":"2024-11-12T13:21:22","slug":"resemanita-santa","status":"publish","type":"post","link":"https:\/\/blogs.amarinha.gal\/ribadeando\/2013\/04\/06\/resemanita-santa\/","title":{"rendered":"Resemanita santa"},"content":{"rendered":"<p>Vexo as <a href=\"http:\/\/www.lavozdegalicia.es\/album\/amarina\/2013\/04\/05\/imagenes-procesion-semana-santa-ninos-viveiro\/01101365158816345817905.htm\" target=\"_blank\" rel=\"noopener\">fotos da semana santa infantil de Viveiro<\/a> e l\u00e9mbrame o antroido. Si, debe ser curioso ver os cativi\u00f1os pequenos facendo de maiores, xogando a selo, nunha mistura de disfraz de antroido e arte sacro corrupto, convertido \u00f3 paganismo. Ser\u00e1 porque non o entendo, pero dir\u00eda que se a igrexa cat\u00f3lica, esa estrutura temporal que se codea cos poderes terrenais, pode sacar alg\u00fan tipo de r\u00e9dito, a Igrexa Cat\u00f3lica, esa idea relixiosa, sair\u00e1 sempre perdendo dun remake a destempo en dous sentidos, f\u00f3ra do tempo de celebraci\u00f3n e f\u00f3ra da idade.<\/p>\n<p>\u00d3 mellor estou equivocado porque <a href=\"http:\/\/ribadeando.blogspot.com\/2006\/12\/procesins-e-fauna-o-artigo.html\" target=\"_blank\" rel=\"noopener\">o meu punto de vista est\u00e1 abondo alonxado da historia das procesi\u00f3ns tal cal<\/a>.<\/p>\n","protected":false},"excerpt":{"rendered":"<p>Vexo as fotos da semana santa infantil de Viveiro e l\u00e9mbrame o antroido. Si, debe ser curioso ver os cativi\u00f1os pequenos facendo de maiores, xogando a selo, nunha mistura de disfraz de antroido e arte sacro corrupto, convertido \u00f3 paganismo. Ser\u00e1 porque non o entendo, pero dir\u00eda que se a igrexa cat\u00f3lica, esa estrutura temporal [&hellip;]<\/p>\n","protected":false},"author":3,"featured_media":0,"comment_status":"open","ping_status":"closed","sticky":false,"template":"","format":"standard","meta":{"activitypub_content_warning":"","activitypub_content_visibility":"","activitypub_max_image_attachments":3,"activitypub_interaction_policy_quote":"anyone","activitypub_status":"federated","footnotes":""},"categories":[1],"tags":[9],"class_list":["post-7187","post","type-post","status-publish","format-standard","hentry","category-sen-categoria","tag-sociedade"],"_links":{"self":[{"href":"https:\/\/blogs.amarinha.gal\/ribadeando\/wp-json\/wp\/v2\/posts\/7187","targetHints":{"allow":["GET"]}}],"collection":[{"href":"https:\/\/blogs.amarinha.gal\/ribadeando\/wp-json\/wp\/v2\/posts"}],"about":[{"href":"https:\/\/blogs.amarinha.gal\/ribadeando\/wp-json\/wp\/v2\/types\/post"}],"author":[{"embeddable":true,"href":"https:\/\/blogs.amarinha.gal\/ribadeando\/wp-json\/wp\/v2\/users\/3"}],"replies":[{"embeddable":true,"href":"https:\/\/blogs.amarinha.gal\/ribadeando\/wp-json\/wp\/v2\/comments?post=7187"}],"version-history":[{"count":0,"href":"https:\/\/blogs.amarinha.gal\/ribadeando\/wp-json\/wp\/v2\/posts\/7187\/revisions"}],"wp:attachment":[{"href":"https:\/\/blogs.amarinha.gal\/ribadeando\/wp-json\/wp\/v2\/media?parent=7187"}],"wp:term":[{"taxonomy":"category","embeddable":true,"href":"https:\/\/blogs.amarinha.gal\/ribadeando\/wp-json\/wp\/v2\/categories?post=7187"},{"taxonomy":"post_tag","embeddable":true,"href":"https:\/\/blogs.amarinha.gal\/ribadeando\/wp-json\/wp\/v2\/tags?post=7187"}],"curies":[{"name":"wp","href":"https:\/\/api.w.org\/{rel}","templated":true}]}}