{"id":7185,"date":"2013-04-08T07:57:00","date_gmt":"2013-04-08T05:57:00","guid":{"rendered":""},"modified":"2024-11-12T14:21:18","modified_gmt":"2024-11-12T13:21:18","slug":"ribadeo-nun-pequeno-lugar-de-austria","status":"publish","type":"post","link":"https:\/\/blogs.amarinha.gal\/ribadeando\/2013\/04\/08\/ribadeo-nun-pequeno-lugar-de-austria\/","title":{"rendered":"Ribadeo nun pequeno lugar de Austria"},"content":{"rendered":"<p><a href=\"http:\/\/gl.wikipedia.org\/wiki\/Dornbirn\" target=\"_blank\" rel=\"noopener\">Dornbirn<\/a>, en Austria, ten unha extensi\u00f3n como concello algo maior que Ribadeo, e unha poboaci\u00f3n cousa de catro veces a de Ribadeo. Non ten mar e si monta\u00f1as nevadas. Al\u00ed se celebrou onte unha do feixe de concentraci\u00f3ns de <a href=\"http:\/\/www.nonosvamosnosechan.net\/\" target=\"_blank\" rel=\"noopener\">#nonosvamosnosechan<\/a>, cunha pequena representaci\u00f3n, todos os emigrados espa\u00f1ois de nova xeraci\u00f3n do lugar. 10 persoas novas, entre 25 e 35 anos, todos con longa preparaci\u00f3n e con abonda iniciativa para procurar a vida onde podan, cara sorrinte para a foto e a sensaci\u00f3n de que ise non \u00e9 a\u00ednda o seu lugar, pero \u00e9 onde os acollen despois de ser literalmente botados do que seguen a ver como casa. Tam\u00e9n Ribadeo estaba representado.<\/p>\n","protected":false},"excerpt":{"rendered":"<p>Dornbirn, en Austria, ten unha extensi\u00f3n como concello algo maior que Ribadeo, e unha poboaci\u00f3n cousa de catro veces a de Ribadeo. Non ten mar e si monta\u00f1as nevadas. Al\u00ed se celebrou onte unha do feixe de concentraci\u00f3ns de #nonosvamosnosechan, cunha pequena representaci\u00f3n, todos os emigrados espa\u00f1ois de nova xeraci\u00f3n do lugar. 10 persoas novas, [&hellip;]<\/p>\n","protected":false},"author":3,"featured_media":0,"comment_status":"open","ping_status":"closed","sticky":false,"template":"","format":"standard","meta":{"activitypub_content_warning":"","activitypub_content_visibility":"","activitypub_max_image_attachments":3,"activitypub_interaction_policy_quote":"anyone","activitypub_status":"federated","footnotes":""},"categories":[1],"tags":[9],"class_list":["post-7185","post","type-post","status-publish","format-standard","hentry","category-sen-categoria","tag-sociedade"],"_links":{"self":[{"href":"https:\/\/blogs.amarinha.gal\/ribadeando\/wp-json\/wp\/v2\/posts\/7185","targetHints":{"allow":["GET"]}}],"collection":[{"href":"https:\/\/blogs.amarinha.gal\/ribadeando\/wp-json\/wp\/v2\/posts"}],"about":[{"href":"https:\/\/blogs.amarinha.gal\/ribadeando\/wp-json\/wp\/v2\/types\/post"}],"author":[{"embeddable":true,"href":"https:\/\/blogs.amarinha.gal\/ribadeando\/wp-json\/wp\/v2\/users\/3"}],"replies":[{"embeddable":true,"href":"https:\/\/blogs.amarinha.gal\/ribadeando\/wp-json\/wp\/v2\/comments?post=7185"}],"version-history":[{"count":0,"href":"https:\/\/blogs.amarinha.gal\/ribadeando\/wp-json\/wp\/v2\/posts\/7185\/revisions"}],"wp:attachment":[{"href":"https:\/\/blogs.amarinha.gal\/ribadeando\/wp-json\/wp\/v2\/media?parent=7185"}],"wp:term":[{"taxonomy":"category","embeddable":true,"href":"https:\/\/blogs.amarinha.gal\/ribadeando\/wp-json\/wp\/v2\/categories?post=7185"},{"taxonomy":"post_tag","embeddable":true,"href":"https:\/\/blogs.amarinha.gal\/ribadeando\/wp-json\/wp\/v2\/tags?post=7185"}],"curies":[{"name":"wp","href":"https:\/\/api.w.org\/{rel}","templated":true}]}}