{"id":7182,"date":"2013-04-11T08:04:00","date_gmt":"2013-04-11T06:04:00","guid":{"rendered":""},"modified":"2024-11-12T14:21:14","modified_gmt":"2024-11-12T13:21:14","slug":"nada-novo-baixo-choiva","status":"publish","type":"post","link":"https:\/\/blogs.amarinha.gal\/ribadeando\/2013\/04\/11\/nada-novo-baixo-choiva\/","title":{"rendered":"Nada novo baixo a choiva"},"content":{"rendered":"<p>A choiva (chuvia da maior\u00eda) segue esta ma\u00f1\u00e1, mentras baixo ela v\u00e1ise desenvolvendo o d\u00eda que comeza sen novidades. Porque xa non \u00e9 novidade nin o que expresa a <a href=\"http:\/\/www.eldiario.es\/vinetas\/distancia-adecuada_10_120487951.html\" target=\"_blank\" rel=\"noopener\">s\u00e1tira de Fontdevilla<\/a>, ou que se saiba o que xa se intu\u00eda sobre as <a href=\"http:\/\/www.eldiario.es\/economia\/CNMV-Bankia-incumplio-ley-preferentes-Bancaja-Caja_Madrid_0_120388869.html\" target=\"_blank\" rel=\"noopener\">preferentes: que era sabido polas autoridades que non eran legais<\/a>. En Ribadeo, mentras, t\u00e9ntase loitar contraesa falta de novidade con celebraci\u00f3n. O s\u00e1bado, cea da rep\u00fablica no Costa&nbsp; Verde, o domingo, outras <a href=\"http:\/\/ribadeo.org\/actualidade\/nova.php?id=1217&amp;lg=gal\" target=\"_blank\" rel=\"noopener\">catro r\u00faas adicadas, comezano polo republicano Rafael Fern\u00e1ndez Cardoso e rematando polo pedagogo Justo Pico de Coa\u00f1a<\/a>. Aqu\u00ed, un <a href=\"http:\/\/www.todocoleccion.net\/nuevo-metodo-practico-por-d-justo-pico-coana-antiguo-libro-escuela-siglo-xix~x21166466\" target=\"_blank\" rel=\"noopener\">libro de Pico de Coa\u00f1a en venta<\/a>, e <a href=\"http:\/\/www.opacmeiga.rbgalicia.org\/ResultadoBusqueda.aspx?CodigoBiblioteca=CCPBGA&amp;Valores=DAPico%20de%20Coa%C3%B1a,%20Justo\" target=\"_blank\" rel=\"noopener\">aqu\u00ed, a constataci\u00f3n de que non hai libros del na nosa biblioteca<\/a>. E aqu\u00ed, unha <a href=\"http:\/\/gl.wikipedia.org\/wiki\/Rafael_Fern%C3%A1ndez_Cardoso\" target=\"_blank\" rel=\"noopener\">pequena biograf\u00eda de Cardoso<\/a>.<\/p>\n","protected":false},"excerpt":{"rendered":"<p>A choiva (chuvia da maior\u00eda) segue esta ma\u00f1\u00e1, mentras baixo ela v\u00e1ise desenvolvendo o d\u00eda que comeza sen novidades. Porque xa non \u00e9 novidade nin o que expresa a s\u00e1tira de Fontdevilla, ou que se saiba o que xa se intu\u00eda sobre as preferentes: que era sabido polas autoridades que non eran legais. En Ribadeo, [&hellip;]<\/p>\n","protected":false},"author":3,"featured_media":0,"comment_status":"open","ping_status":"closed","sticky":false,"template":"","format":"standard","meta":{"activitypub_content_warning":"","activitypub_content_visibility":"","activitypub_max_image_attachments":3,"activitypub_interaction_policy_quote":"anyone","activitypub_status":"federated","footnotes":""},"categories":[1],"tags":[11],"class_list":["post-7182","post","type-post","status-publish","format-standard","hentry","category-sen-categoria","tag-historia"],"_links":{"self":[{"href":"https:\/\/blogs.amarinha.gal\/ribadeando\/wp-json\/wp\/v2\/posts\/7182","targetHints":{"allow":["GET"]}}],"collection":[{"href":"https:\/\/blogs.amarinha.gal\/ribadeando\/wp-json\/wp\/v2\/posts"}],"about":[{"href":"https:\/\/blogs.amarinha.gal\/ribadeando\/wp-json\/wp\/v2\/types\/post"}],"author":[{"embeddable":true,"href":"https:\/\/blogs.amarinha.gal\/ribadeando\/wp-json\/wp\/v2\/users\/3"}],"replies":[{"embeddable":true,"href":"https:\/\/blogs.amarinha.gal\/ribadeando\/wp-json\/wp\/v2\/comments?post=7182"}],"version-history":[{"count":0,"href":"https:\/\/blogs.amarinha.gal\/ribadeando\/wp-json\/wp\/v2\/posts\/7182\/revisions"}],"wp:attachment":[{"href":"https:\/\/blogs.amarinha.gal\/ribadeando\/wp-json\/wp\/v2\/media?parent=7182"}],"wp:term":[{"taxonomy":"category","embeddable":true,"href":"https:\/\/blogs.amarinha.gal\/ribadeando\/wp-json\/wp\/v2\/categories?post=7182"},{"taxonomy":"post_tag","embeddable":true,"href":"https:\/\/blogs.amarinha.gal\/ribadeando\/wp-json\/wp\/v2\/tags?post=7182"}],"curies":[{"name":"wp","href":"https:\/\/api.w.org\/{rel}","templated":true}]}}