{"id":7174,"date":"2013-04-18T08:09:00","date_gmt":"2013-04-18T06:09:00","guid":{"rendered":""},"modified":"2024-11-12T14:20:53","modified_gmt":"2024-11-12T13:20:53","slug":"perdido-entre-outras-novas","status":"publish","type":"post","link":"https:\/\/blogs.amarinha.gal\/ribadeando\/2013\/04\/18\/perdido-entre-outras-novas\/","title":{"rendered":"Perdido entre outras novas"},"content":{"rendered":"<p>Aparece hoxe que <a href=\"http:\/\/www.lavozdegalicia.es\/noticia\/galicia\/2013\/04\/18\/batallon-1100-beiras\/0003_201304G18P10991.htm\">Anova pasa a ser un &#8216;partido partido&#8217; este fin de semana despois de comezar cun s\u00f3 ordenador, nin s\u00e9s nin liberados<\/a> (por certo, este venres \u00e1s 8 hai unha &#8216;previa&#8217; ribadense no Cant\u00f3n), como exponente de novedade sociopol\u00edtica, pois o <a href=\"http:\/\/www.lavozdegalicia.es\/noticia\/amarina\/2013\/04\/18\/sanitarios-analizaron-viveiro-situacion-hospital-da-costa\/0003_201304X18C5991.htm\">traslado de decisi\u00f3ns do hospital da Costa \u00f3 HULA<\/a> xa non o \u00e9 mentras seguen as protestas est\u00e9riles polo momento, e o culebr\u00f3n (un deles) da <a href=\"http:\/\/www.lavozdegalicia.es\/noticia\/politica\/2013\/04\/18\/barcenas-dice-pacto-cospedal-seguir-cobrando-tras-dejar-partido\/0003_201304H18P17996.htm\">corrupci\u00f3n asociado a B\u00e1rcenas (curioso, nos papeles f\u00e1lase de B\u00e1rcenas pero pouco do PP) ten un novo cap\u00edtulo<\/a>. Novas que nos apartan doutras realidades, algunhas m\u00e1is do d\u00eda a d\u00eda como a situaci\u00f3n dos <a href=\"http:\/\/www.lavozdegalicia.es\/noticia\/deportes\/2013\/04\/18\/campeones-recompensa\/0003_201304G18P40991.htm\">taekondocas galegos clasificados por m\u00e9ritos para o europeo e o mundial deixados na cuneta a conto da crise que recorta por onde m\u00e1is debilidade ve<\/a> ou do en\u00e9simo atisbo de promesa de Feij\u00f3o a conto dos contratos de PEMEX. Curioso: non o vin hoxe nos xornais, pero si vin unha <a href=\"http:\/\/im-pulso.blogspot.com.es\/2013\/04\/nueva-entrega-de-la-novela-por-entregas.html\">nota no blog im-pulso<\/a> que aclara a situaci\u00f3n, comparando a nota de prensa \u00f3 respecto realizada pola Xunta de Galicia (non ligada, pode verse <a href=\"http:\/\/www.xunta.es\/notas-de-prensa\/-\/nova\/3686\/feijoo-apoia-ante-pena-nieto-fase-final-das-conversas-entre-pemex-naval-galego\">aqu\u00ed<\/a>) e a <a href=\"http:\/\/saladeprensa.sre.gob.mx\/index.php\/es\/comunicados\/2515-112\">nota realizada polos mexicanos a traverso da s\u00faa Presidencia<\/a>. Coido que hai diferencia, a parte da extensi\u00f3n (nun factor 10, m\u00e1is extensa a galega) no que se indica fronte \u00f3s acordos. Recolleu a prensa galega a nota mexicana? Coido que s\u00f3 a nota galega. T\u00edtulos alternativos: &#8216;co futuro non se xoga?&#8217;. &#8216;Como mentir m\u00e1is durante ma\u00eds tempo&#8217;. &#8230; outras alternativas a disposici\u00f3n.<\/p>\n","protected":false},"excerpt":{"rendered":"<p>Aparece hoxe que Anova pasa a ser un &#8216;partido partido&#8217; este fin de semana despois de comezar cun s\u00f3 ordenador, nin s\u00e9s nin liberados (por certo, este venres \u00e1s 8 hai unha &#8216;previa&#8217; ribadense no Cant\u00f3n), como exponente de novedade sociopol\u00edtica, pois o traslado de decisi\u00f3ns do hospital da Costa \u00f3 HULA xa non o [&hellip;]<\/p>\n","protected":false},"author":3,"featured_media":0,"comment_status":"open","ping_status":"closed","sticky":false,"template":"","format":"standard","meta":{"activitypub_content_warning":"","activitypub_content_visibility":"","activitypub_max_image_attachments":3,"activitypub_interaction_policy_quote":"anyone","activitypub_status":"federated","footnotes":""},"categories":[1],"tags":[13],"class_list":["post-7174","post","type-post","status-publish","format-standard","hentry","category-sen-categoria","tag-politica"],"_links":{"self":[{"href":"https:\/\/blogs.amarinha.gal\/ribadeando\/wp-json\/wp\/v2\/posts\/7174","targetHints":{"allow":["GET"]}}],"collection":[{"href":"https:\/\/blogs.amarinha.gal\/ribadeando\/wp-json\/wp\/v2\/posts"}],"about":[{"href":"https:\/\/blogs.amarinha.gal\/ribadeando\/wp-json\/wp\/v2\/types\/post"}],"author":[{"embeddable":true,"href":"https:\/\/blogs.amarinha.gal\/ribadeando\/wp-json\/wp\/v2\/users\/3"}],"replies":[{"embeddable":true,"href":"https:\/\/blogs.amarinha.gal\/ribadeando\/wp-json\/wp\/v2\/comments?post=7174"}],"version-history":[{"count":0,"href":"https:\/\/blogs.amarinha.gal\/ribadeando\/wp-json\/wp\/v2\/posts\/7174\/revisions"}],"wp:attachment":[{"href":"https:\/\/blogs.amarinha.gal\/ribadeando\/wp-json\/wp\/v2\/media?parent=7174"}],"wp:term":[{"taxonomy":"category","embeddable":true,"href":"https:\/\/blogs.amarinha.gal\/ribadeando\/wp-json\/wp\/v2\/categories?post=7174"},{"taxonomy":"post_tag","embeddable":true,"href":"https:\/\/blogs.amarinha.gal\/ribadeando\/wp-json\/wp\/v2\/tags?post=7174"}],"curies":[{"name":"wp","href":"https:\/\/api.w.org\/{rel}","templated":true}]}}