{"id":7172,"date":"2013-04-22T07:44:00","date_gmt":"2013-04-22T05:44:00","guid":{"rendered":""},"modified":"2024-11-12T14:20:50","modified_gmt":"2024-11-12T13:20:50","slug":"existe-china-ou-realidade-alternativa","status":"publish","type":"post","link":"https:\/\/blogs.amarinha.gal\/ribadeando\/2013\/04\/22\/existe-china-ou-realidade-alternativa\/","title":{"rendered":"Existe China? (ou a realidade alternativa)"},"content":{"rendered":"<p>Onte, unha semana despois do atentado de Boston, con tres mortos, un diario nacional adic\u00e1balle d\u00faas p\u00e1xinas enteiras \u00f3 seguemento do tema. O mesmo d\u00eda, no mesmo xornal, aparec\u00eda nunha p\u00e1xina de internacional a metade dunha columna \u00e1 beira dunha p\u00e1xina dando conta dun terremoto en china de escala 7 no que ter\u00edan morto abondo m\u00e1is de 100 persoas. Hoxe, en edici\u00f3ns dixitais, o terremoto desapareceu da mi\u00f1a vista, de xeito que me pregunto se ser\u00e1 real ou unha sinxela metedura de pata dos medios. Procuro por curiosidade ata na secci\u00f3n de novas da wikipedia inglesa (a galega non ten desenvolta esa secci\u00f3n de xeito abondo, cousas de ser pequena), e si atopo o <a href=\"http:\/\/en.wikipedia.org\/wiki\/2013_Lushan_earthquake\">terremoto de Lusan das 8 da ma\u00f1\u00e1 (hora local) do 20 de abril de 2013<\/a> cunha ampla informaci\u00f3n que sit\u00faa xa en 186 os mortos consecuencia da traxedia.<\/p>\n<p>Supo\u00f1o que nalg\u00fan momento do d\u00eda a informaci\u00f3n pasar\u00e1 polo terremoto, deixando os \u00faltimos esc\u00e1ndalos nacionais, a <a href=\"http:\/\/www.eldiario.es\/economia\/misterio-toneladas-carbon-desaparecidas_0_123538217.html\">acaparaci\u00f3n de carb\u00f3n (e m\u00e1is cousas relacionadas)<\/a> ou o <a href=\"http:\/\/www.eldiario.es\/economia\/semana-negra-economia-Galicia_0_124237790.html\">afundimento da empresa galega como consecuencia da desparici\u00f3n das finanzas galegas<\/a>. Pero polo momento, costa chegar \u00e1 informaci\u00f3n.<\/p>\n<p>Hai xa anos un periodista que considero, dic\u00edame: &#8216;non \u00e9 nova que un can morda un p\u00edcaro, a nova \u00e9 que o p\u00edcaro morda \u00f3 can&#8217;. Nesta historia non hai cans nin p\u00edcaros \u00e1 vista, e s\u00ed leva matados EEUU m\u00e1is xente que o resto do mundo norteamericanos, pero a desproporci\u00f3n de m\u00e1is de 50 veces de mortos, cun <a href=\"http:\/\/en.wikipedia.org\/wiki\/2008_Sichuan_earthquake\">terremoto nunha zona pr\u00f3xima \u00f3 que deixou deceas de miles de mortos hai uns anos<\/a>,&nbsp; coido que ser\u00eda para adicarlle m\u00e1is consideraci\u00f3n. Quiz\u00e1is sexa por que o atentado de Boston deuse nos EEUU e o terremoto na China, que soa moito m\u00e1is lonxe e enigm\u00e1tica, ou quiz\u00e1is sexa polo hermetismo informativo chino, ou quiz\u00e1is polo dominio medi\u00e1tico estadounidense &#8230; pero o caso \u00e9 que fai pensar, a partir de novas externas e sen ter unha apariencia de ser soportadas por grandes interereses no noso pa\u00eds ou estado, no tratamento da informaci\u00f3n, en onde se po\u00f1en os focos informativos e como se trata a informaci\u00f3n que nos chega&#8230;<\/p>\n","protected":false},"excerpt":{"rendered":"<p>Onte, unha semana despois do atentado de Boston, con tres mortos, un diario nacional adic\u00e1balle d\u00faas p\u00e1xinas enteiras \u00f3 seguemento do tema. O mesmo d\u00eda, no mesmo xornal, aparec\u00eda nunha p\u00e1xina de internacional a metade dunha columna \u00e1 beira dunha p\u00e1xina dando conta dun terremoto en china de escala 7 no que ter\u00edan morto abondo [&hellip;]<\/p>\n","protected":false},"author":3,"featured_media":0,"comment_status":"open","ping_status":"closed","sticky":false,"template":"","format":"standard","meta":{"activitypub_content_warning":"","activitypub_content_visibility":"","activitypub_max_image_attachments":3,"activitypub_interaction_policy_quote":"anyone","activitypub_status":"federated","footnotes":""},"categories":[1],"tags":[9],"class_list":["post-7172","post","type-post","status-publish","format-standard","hentry","category-sen-categoria","tag-sociedade"],"_links":{"self":[{"href":"https:\/\/blogs.amarinha.gal\/ribadeando\/wp-json\/wp\/v2\/posts\/7172","targetHints":{"allow":["GET"]}}],"collection":[{"href":"https:\/\/blogs.amarinha.gal\/ribadeando\/wp-json\/wp\/v2\/posts"}],"about":[{"href":"https:\/\/blogs.amarinha.gal\/ribadeando\/wp-json\/wp\/v2\/types\/post"}],"author":[{"embeddable":true,"href":"https:\/\/blogs.amarinha.gal\/ribadeando\/wp-json\/wp\/v2\/users\/3"}],"replies":[{"embeddable":true,"href":"https:\/\/blogs.amarinha.gal\/ribadeando\/wp-json\/wp\/v2\/comments?post=7172"}],"version-history":[{"count":0,"href":"https:\/\/blogs.amarinha.gal\/ribadeando\/wp-json\/wp\/v2\/posts\/7172\/revisions"}],"wp:attachment":[{"href":"https:\/\/blogs.amarinha.gal\/ribadeando\/wp-json\/wp\/v2\/media?parent=7172"}],"wp:term":[{"taxonomy":"category","embeddable":true,"href":"https:\/\/blogs.amarinha.gal\/ribadeando\/wp-json\/wp\/v2\/categories?post=7172"},{"taxonomy":"post_tag","embeddable":true,"href":"https:\/\/blogs.amarinha.gal\/ribadeando\/wp-json\/wp\/v2\/tags?post=7172"}],"curies":[{"name":"wp","href":"https:\/\/api.w.org\/{rel}","templated":true}]}}