{"id":7169,"date":"2013-04-24T07:58:00","date_gmt":"2013-04-24T05:58:00","guid":{"rendered":""},"modified":"2024-11-12T14:20:45","modified_gmt":"2024-11-12T13:20:45","slug":"ribadeo-xa-ten-conde","status":"publish","type":"post","link":"https:\/\/blogs.amarinha.gal\/ribadeando\/2013\/04\/24\/ribadeo-xa-ten-conde\/","title":{"rendered":"Ribadeo xa ten Conde"},"content":{"rendered":"<p>Si, oficialmente, <a href=\"http:\/\/www.boe.es\/boe\/dias\/2013\/04\/06\/pdfs\/BOE-A-2013-3690.pdf\">Alfonso Mart\u00ednez de Irujo xa e Conde de Ribadeo<\/a>. A lembrar as verbas do alcalde: &#8220;<a href=\"http:\/\/www.elmundo.es\/elmundo\/2013\/02\/07\/gentes\/1360256516.html\">Quiero felicitarlo por tal insigne distinci\u00f3n porque ser conde de Ribadeo no es cualquier cosa. Se queda en el \u00e1mbito ret\u00f3rico, porque aqu\u00ed decimos desde hace mucho tiempo que los de Ribadeo no rendimos vasallaje a nadie, no le rendimos pleites\u00eda a nadie<\/a>&#8220;, xunto co seu desexo de que sexa promotor de Ribadeo.<\/p>\n<p>Non est\u00e1 mal saber algo do <a href=\"http:\/\/gl.wikipedia.org\/wiki\/Condado_de_Ribadeo\">Condado de Ribadeo<\/a> e do seu <a href=\"http:\/\/es.wikipedia.org\/wiki\/Alfonso_Mart%C3%ADnez_de_Irujo_y_Fitz-James_Stuart\">conde actual<\/a>, a\u00ednda que s\u00f3 sexa por iso que saiu en m\u00e1is dun xornal: &#8216;os de Ribadeo pouco saben do que pretende ser conde&#8217;.<\/p>\n<p>A lembrar asemade que o <a href=\"http:\/\/ribadeando.blogspot.com.es\/2013\/02\/ribadeo-do-conde.html\">privilexio real outorgado sobre determinados traxes usados polo rei<\/a> deu lugar a unha exposici\u00f3n en Ribadeo e a un libro: &#8216;Los trajes del Rey&#8217;. &#8216;<a href=\"http:\/\/ribadeando.blogspot.com.es\/2007\/07\/de-duques-e-plebeios.html\">De duques e plebeios<\/a>&#8216; foi a entrada que lle adiquei \u00f3 anuncio da exposici\u00f3n.<\/p>\n<p>&#8230; E disto ent\u00e9rome (a cousa xa foi publicada no BOE o 6 de abril, (a\u00ednda que non sei se o novo adxudicatario pagou xa os dereitos correspondentes ou non) despois do &#8216;d\u00eda da Terra&#8217; (antonte) e do &#8216;d\u00eda do libro (onte). As\u00ed pois, hoxe, &#8216;d\u00eda do conde&#8217;? &#8216;d\u00eda do condado&#8217;? &#8216;d\u00eda da memoria hist\u00f3rica de Ribadeo&#8217;?<\/p>\n","protected":false},"excerpt":{"rendered":"<p>Si, oficialmente, Alfonso Mart\u00ednez de Irujo xa e Conde de Ribadeo. A lembrar as verbas do alcalde: &#8220;Quiero felicitarlo por tal insigne distinci\u00f3n porque ser conde de Ribadeo no es cualquier cosa. Se queda en el \u00e1mbito ret\u00f3rico, porque aqu\u00ed decimos desde hace mucho tiempo que los de Ribadeo no rendimos vasallaje a nadie, no [&hellip;]<\/p>\n","protected":false},"author":3,"featured_media":0,"comment_status":"open","ping_status":"closed","sticky":false,"template":"","format":"standard","meta":{"activitypub_content_warning":"","activitypub_content_visibility":"","activitypub_max_image_attachments":3,"activitypub_interaction_policy_quote":"anyone","activitypub_status":"federated","footnotes":""},"categories":[1],"tags":[11],"class_list":["post-7169","post","type-post","status-publish","format-standard","hentry","category-sen-categoria","tag-historia"],"_links":{"self":[{"href":"https:\/\/blogs.amarinha.gal\/ribadeando\/wp-json\/wp\/v2\/posts\/7169","targetHints":{"allow":["GET"]}}],"collection":[{"href":"https:\/\/blogs.amarinha.gal\/ribadeando\/wp-json\/wp\/v2\/posts"}],"about":[{"href":"https:\/\/blogs.amarinha.gal\/ribadeando\/wp-json\/wp\/v2\/types\/post"}],"author":[{"embeddable":true,"href":"https:\/\/blogs.amarinha.gal\/ribadeando\/wp-json\/wp\/v2\/users\/3"}],"replies":[{"embeddable":true,"href":"https:\/\/blogs.amarinha.gal\/ribadeando\/wp-json\/wp\/v2\/comments?post=7169"}],"version-history":[{"count":0,"href":"https:\/\/blogs.amarinha.gal\/ribadeando\/wp-json\/wp\/v2\/posts\/7169\/revisions"}],"wp:attachment":[{"href":"https:\/\/blogs.amarinha.gal\/ribadeando\/wp-json\/wp\/v2\/media?parent=7169"}],"wp:term":[{"taxonomy":"category","embeddable":true,"href":"https:\/\/blogs.amarinha.gal\/ribadeando\/wp-json\/wp\/v2\/categories?post=7169"},{"taxonomy":"post_tag","embeddable":true,"href":"https:\/\/blogs.amarinha.gal\/ribadeando\/wp-json\/wp\/v2\/tags?post=7169"}],"curies":[{"name":"wp","href":"https:\/\/api.w.org\/{rel}","templated":true}]}}