{"id":7148,"date":"2013-05-22T00:39:00","date_gmt":"2013-05-21T22:39:00","guid":{"rendered":""},"modified":"2024-11-12T14:20:06","modified_gmt":"2024-11-12T13:20:06","slug":"que-hai-do-meu-i","status":"publish","type":"post","link":"https:\/\/blogs.amarinha.gal\/ribadeando\/2013\/05\/22\/que-hai-do-meu-i\/","title":{"rendered":"Que hai do meu? (I)"},"content":{"rendered":"<p>Xa aviso que \u00e9 unha primeira parte. O tema: o pleno de 21 de maio de 2013.<\/p>\n<p>O t\u00edtulo? Est\u00e1 relacionado co interese do pobo polos temas tratados, pero non adiantemos acontecementos&#8230; Por certo, que antes de rematar o pleno xa estaba colgado en facebook \/ La voz o <a href=\"http:\/\/www.lavozdegalicia.es\/noticia\/amarina\/2013\/05\/21\/ribadenses-llevaron-pleno-indignacion-preferentes\/00031369169718881154778.htm\">primeiro comentario<\/a> del.<\/p>\n<p>Chego tarde, a eso das oito e media, e a xente enche os bancos e est\u00e1 de p\u00e9. Conto 50 de p\u00fablico. Nos escanos falta Xavi Campos, co que a relaci\u00f3n de forzas est\u00e1 6 (+primac\u00eda do alcalde)-BNG, 4-PP, 1-UPRi, 1-PSOE.<\/p>\n<p>\u00d3 pouco de entrar oio \u00f3 alcalder referirse o Instituto Gamallo Fierros por erro, cando debera dicir &#8216;IES de Ribadeo&#8217;, o seu nome. E pouco despois, a conta da defensa da residencia para Ribadeo, un pequeno duelo verbal entre alcalde e portavoz do PP, M. Val\u00edn.<\/p>\n<p>P\u00e1sase despois \u00e1s moci\u00f3ns, comezando pola presentada polo PSOE para o mantemento das oficinas tributarias de Foz e Monforte. Quiz\u00e1is foi a moci\u00f3n que m\u00e1is se discutiu, marcando adem\u00e1is o comezo da marcha da xente que esperaba polo das preferentes. Os argumentos, a supresi\u00f3n ou non de servizos, a cercan\u00eda \u00e1 xente, a dependencia de Lugo, a prevenci\u00f3n ante as numerosas mentiras-promesa feitas con anterioridade, que non hai variaci\u00f3n en concreto en Foz nin en Monforte respecto \u00f3 \u00faltimo cambio habido no 2004&#8230; Foi aprobada por 6+1 contra 4+1<\/p>\n<p>A Moci\u00f3n  do BNG pola \u00c1rea Sanitaria de Xesti\u00f3n Integrada da Mari\u00f1a, viu o despregue dunha pancarta de seis metros&nbsp; que acompa\u00f1ou \u00e1s d\u00faas xa presentes con anterioridade sobre as preferentes e subordinadas, m\u00e1is pequenas. Os portadores puxeron esparadrapo na boca, e a discusi\u00f3n tam\u00e9n se extendeu abondo, resultando 8 votos a favor e 4 abstenci\u00f3ns. Por certo que, no fondo, os argumentos presentados foron parellos \u00f3s da moci\u00f3n anterior.<\/p>\n<p>A terceira moci\u00f3n foi do BNG sobre preferentes e subordinadas. Falouse de estafa e roubo, de que en Ribadeo supo\u00f1\u00edan uns 10 M\u20ac, e da cancelaci\u00f3n das contas do concello en NGB. Deuse a circunstancia de que o PP presentou unha moci\u00f3n alternativa e logo retirouna, acusando \u00f3 BNG do uso dun drama para propaganda. Por parte de case todos, entendo que non se incidiu abondo en culpabilidades, tentando facer m\u00e1is fincap\u00e9 na recuperaci\u00f3n dos cartos (que, coa li\u00f1a preferente, ser\u00edan a conta do erario p\u00fablico, polo tanto, a conta de todos, na maior\u00eda de proporci\u00f3n). Sa\u00edron a relocer cousas como &#8216;cada un ten o papel que lle toca&#8217;, &#8216;\u00e9 unha m\u00e1goa que as caixas desapareceran&#8217; ou quen aprobou o real decreto, (da quita) que o desaprobe&#8217;, todas do alcalde; ou ter conta do concello en varios bancos para rematar coa exclusiva, idea aportada por Lalo (PSOE), xunto co voltar a cobrar por ventanilla, pois hai xente que non \u00e9 que non quera a NGB, sen\u00f3n que non quere \u00f3s bancos; ou anotar que alg\u00fans traballadores te\u00f1en culpa (foron varios os que interviron nese sentido) e a petici\u00f3n de Tino de que o concello entre como acusaci\u00f3n particular. O resultado, \u00f3 retirar o PP a alternativa, foi de apoio un\u00e1nime. As pancartas foron retiradas antes de rematar o punto, por cansanzo da xente, e nada m\u00e1is rematar, a estampida completou as deserci\u00f3ns de p\u00fablico anteriores e as mantidas \u00f3 longo da moci\u00f3n. Por certo, que \u00f3 sa\u00edr, unha persoa dirixiuse \u00f3 pleno (en particular \u00f3 alcalde) e argumentou a favor de exercer a acusaci\u00f3n particular xa.<\/p>\n<p>A partir de a\u00ed, quedamos catro na s\u00e1&#8230;<\/p>\n<p><a href=\"http:\/\/ribadeando.blogspot.com.es\/2013\/05\/que-hai-do-meu-ii.html\">Parte II<\/a><\/p>\n<p><a href=\"http:\/\/ribadeando.blogspot.com.es\/2013\/05\/que-hai-do-meu-e-iii.html\">Parte III<\/a><\/p>\n","protected":false},"excerpt":{"rendered":"<p>Xa aviso que \u00e9 unha primeira parte. O tema: o pleno de 21 de maio de 2013. O t\u00edtulo? Est\u00e1 relacionado co interese do pobo polos temas tratados, pero non adiantemos acontecementos&#8230; Por certo, que antes de rematar o pleno xa estaba colgado en facebook \/ La voz o primeiro comentario del. Chego tarde, a [&hellip;]<\/p>\n","protected":false},"author":3,"featured_media":0,"comment_status":"open","ping_status":"closed","sticky":false,"template":"","format":"standard","meta":{"activitypub_content_warning":"","activitypub_content_visibility":"","activitypub_max_image_attachments":3,"activitypub_interaction_policy_quote":"anyone","activitypub_status":"federated","footnotes":""},"categories":[1],"tags":[42],"class_list":["post-7148","post","type-post","status-publish","format-standard","hentry","category-sen-categoria","tag-plenos"],"_links":{"self":[{"href":"https:\/\/blogs.amarinha.gal\/ribadeando\/wp-json\/wp\/v2\/posts\/7148","targetHints":{"allow":["GET"]}}],"collection":[{"href":"https:\/\/blogs.amarinha.gal\/ribadeando\/wp-json\/wp\/v2\/posts"}],"about":[{"href":"https:\/\/blogs.amarinha.gal\/ribadeando\/wp-json\/wp\/v2\/types\/post"}],"author":[{"embeddable":true,"href":"https:\/\/blogs.amarinha.gal\/ribadeando\/wp-json\/wp\/v2\/users\/3"}],"replies":[{"embeddable":true,"href":"https:\/\/blogs.amarinha.gal\/ribadeando\/wp-json\/wp\/v2\/comments?post=7148"}],"version-history":[{"count":0,"href":"https:\/\/blogs.amarinha.gal\/ribadeando\/wp-json\/wp\/v2\/posts\/7148\/revisions"}],"wp:attachment":[{"href":"https:\/\/blogs.amarinha.gal\/ribadeando\/wp-json\/wp\/v2\/media?parent=7148"}],"wp:term":[{"taxonomy":"category","embeddable":true,"href":"https:\/\/blogs.amarinha.gal\/ribadeando\/wp-json\/wp\/v2\/categories?post=7148"},{"taxonomy":"post_tag","embeddable":true,"href":"https:\/\/blogs.amarinha.gal\/ribadeando\/wp-json\/wp\/v2\/tags?post=7148"}],"curies":[{"name":"wp","href":"https:\/\/api.w.org\/{rel}","templated":true}]}}