{"id":7142,"date":"2013-05-27T07:41:00","date_gmt":"2013-05-27T05:41:00","guid":{"rendered":""},"modified":"2024-11-12T14:19:56","modified_gmt":"2024-11-12T13:19:56","slug":"son-terrorista-si-iso-din","status":"publish","type":"post","link":"https:\/\/blogs.amarinha.gal\/ribadeando\/2013\/05\/27\/son-terrorista-si-iso-din\/","title":{"rendered":"Son terrorista? Si (iso din)"},"content":{"rendered":"<p>Un artigo, &#8216;<a href=\"http:\/\/www.eldiario.es\/zonacritica\/ciudadano-terrorista_6_135846428.html\">Yo, ciudadano terrorista<\/a>&#8216; veu remachar un pouco m\u00e1is algo que xa \u00e9 sabido: a criminalizaci\u00f3n dos despose\u00eddos.<\/p>\n<p>Entend\u00e1monos. No conxunto social, coido que non estou en mala posici\u00f3n dentro do 99%. Pero vexo as cousas claras: somos m\u00e1is do 99% en conxunto os que estamos en mala posici\u00f3n. Adem\u00e1is, imos a peor. E, adem\u00e1is, ou conxuntamente, ou en consecuencia relativa, estamos sendo culpados e criminalizados. Os antidisturbios aumentan o seu presuposto en \u00e9poca de restricci\u00f3n, e quen intenta informar ou parar os deshaucios enfr\u00f3ntase a penas de c\u00e1rcere mentras xente que prevaricou est\u00e1 desfrutando da s\u00faa influenza.<\/p>\n<p>As\u00ed chegamos a que non \u00e9 necesario que nos declaremos terroristas: xa somos declarados terroristas por un estado que non \u00e9 noso (e non me estou a referir \u00e1 cuesti\u00f3n nacionalista), sen\u00f3n doutra xente, e do que n\u00f3s somos s\u00fabditos.<\/p>\n","protected":false},"excerpt":{"rendered":"<p>Un artigo, &#8216;Yo, ciudadano terrorista&#8216; veu remachar un pouco m\u00e1is algo que xa \u00e9 sabido: a criminalizaci\u00f3n dos despose\u00eddos. Entend\u00e1monos. No conxunto social, coido que non estou en mala posici\u00f3n dentro do 99%. Pero vexo as cousas claras: somos m\u00e1is do 99% en conxunto os que estamos en mala posici\u00f3n. Adem\u00e1is, imos a peor. E, [&hellip;]<\/p>\n","protected":false},"author":3,"featured_media":0,"comment_status":"open","ping_status":"closed","sticky":false,"template":"","format":"standard","meta":{"activitypub_content_warning":"","activitypub_content_visibility":"","activitypub_max_image_attachments":3,"activitypub_interaction_policy_quote":"anyone","activitypub_status":"federated","footnotes":""},"categories":[1],"tags":[32,13],"class_list":["post-7142","post","type-post","status-publish","format-standard","hentry","category-sen-categoria","tag-filosofia","tag-politica"],"_links":{"self":[{"href":"https:\/\/blogs.amarinha.gal\/ribadeando\/wp-json\/wp\/v2\/posts\/7142","targetHints":{"allow":["GET"]}}],"collection":[{"href":"https:\/\/blogs.amarinha.gal\/ribadeando\/wp-json\/wp\/v2\/posts"}],"about":[{"href":"https:\/\/blogs.amarinha.gal\/ribadeando\/wp-json\/wp\/v2\/types\/post"}],"author":[{"embeddable":true,"href":"https:\/\/blogs.amarinha.gal\/ribadeando\/wp-json\/wp\/v2\/users\/3"}],"replies":[{"embeddable":true,"href":"https:\/\/blogs.amarinha.gal\/ribadeando\/wp-json\/wp\/v2\/comments?post=7142"}],"version-history":[{"count":0,"href":"https:\/\/blogs.amarinha.gal\/ribadeando\/wp-json\/wp\/v2\/posts\/7142\/revisions"}],"wp:attachment":[{"href":"https:\/\/blogs.amarinha.gal\/ribadeando\/wp-json\/wp\/v2\/media?parent=7142"}],"wp:term":[{"taxonomy":"category","embeddable":true,"href":"https:\/\/blogs.amarinha.gal\/ribadeando\/wp-json\/wp\/v2\/categories?post=7142"},{"taxonomy":"post_tag","embeddable":true,"href":"https:\/\/blogs.amarinha.gal\/ribadeando\/wp-json\/wp\/v2\/tags?post=7142"}],"curies":[{"name":"wp","href":"https:\/\/api.w.org\/{rel}","templated":true}]}}