{"id":7124,"date":"2013-06-11T07:57:00","date_gmt":"2013-06-11T05:57:00","guid":{"rendered":""},"modified":"2024-11-12T14:19:20","modified_gmt":"2024-11-12T13:19:20","slug":"estafa-autorizada-xa-non-e-nova","status":"publish","type":"post","link":"https:\/\/blogs.amarinha.gal\/ribadeando\/2013\/06\/11\/estafa-autorizada-xa-non-e-nova\/","title":{"rendered":"Estafa autorizada? Xa non \u00e9 nova!"},"content":{"rendered":"<p>Xa non sorprenden novas como a que remato de ler en Galicia Confidencial: <a href=\"http:\/\/www.galiciaconfidencial.com\/nova\/14718.html\">Nova &#8220;quita&#8221; do 13% \u00e1s preferentes de Novagalicia<\/a>. Nin tampouco que un <a href=\"http:\/\/www.elplural.com\/2013\/06\/10\/el-pp-calla-sobre-la-etica-de-que-gonzalez-pons-cobre-1-823-euros-de-ayuda-del-congreso-para-pagar-un-piso-que-en-realidad-paga-el-partido\/\">deputado cobre por dous sitios diferentes o aluguer dun piso de luxo en Madrid<\/a>, ou que algu\u00e9n que apenas sabe ler deba entender o galimat\u00edas das preferentes, <a href=\"http:\/\/www.cadenaser.com\/espana\/articulo\/pio-garcia-escudero-reconoce-declaro-prestamo-24000-euros-le-hizo-pp\/csrcsrpor\/20130610csrcsrnac_2\/Tes\">mentras un pol\u00edtico non deba saber que hai que declarar p\u0155estamos de deceas de miles de euros<\/a>, ou as mentiras tras mentiras de goberno e cia, ou a <a href=\"http:\/\/www.eldiario.es\/economia\/Rebelion-interna-CCOO-reforma-pensiones_0_141736488.html\">traici\u00f3n dalg\u00fans sindicatos (mellor dito, da s\u00faa c\u00fapula)<\/a>, ou mesmo as continuamente ben tra\u00eddas vi\u00f1etas de <a href=\"http:\/\/www.eldiario.es\/vinetas\/imputados_10_141835816.html\">Fontdevilla<\/a> &#8230;<\/p>\n<p>As\u00ed pois, necesitamos voltar a ter capacidade de asombro, e con ela, de reacci\u00f3n. E con ela, de rexeraci\u00f3n social, de ilusi\u00f3n, &#8230; Claro que antes quiz\u00e1is debamos comprender que ante feitos dos que agora se chaman &#8216;fortes&#8217;, a reacci\u00f3n tam\u00e9n ter\u00e1 que chamarse &#8216;forte&#8217;, ser consecuente.<\/p>\n<p>O ver\u00e1n ten, co seu aumento de luz, un efecto moitas veces (non sempre) atemperante, reconstitu\u00ednte, que fai que cadaqu\u00e9n se reconcilie en certo xeito consigo mesmo, se recompo\u00f1a. Cousa de aproveitar para sobrepasar unha crise que nos ten sobrepasados, que agora vai por diante de n\u00f3s e parece que non a poderemos alcanzar, a pesares dos &#8216;brotes verdes&#8217; anunciados (a\u00ednda que agora non os chamen as\u00ed, que esa expresi\u00f3n xa se fixo acreedora de mala prensa).<\/p>\n<p>Por iso \u00e9 mala a nova de que os meteor\u00f3logos franceses anuncian un ver\u00e1n fr\u00edo, fr\u00edo, e non hai quen os desminta nin os apoie: d\u00e9ixanos s\u00f3s do mesmo xeito que d\u00e9ixannos s\u00f3s a n\u00f3s, unha volta que nos quitan todo e nolo voltan quitar: deste xeito, non deixan nin a esperanza de que remate o desespero. E mentras os grandes titulares acaparan a atenci\u00f3n, cousas m\u00e1is pequeni\u00f1as son tratadas con certa displicencia: son pequeni\u00f1as, sen importancia, din, cando todos sabemos que as pequenas cousas son a sal da vida e a base das maiores.<\/p>\n<p>Si, hai moitas cousas que cambiar, tam\u00e9n \u00e9n n\u00f3s, seguramente. E para cambialas, hai que comezar &#8230; A iso imos.<\/p>\n","protected":false},"excerpt":{"rendered":"<p>Xa non sorprenden novas como a que remato de ler en Galicia Confidencial: Nova &#8220;quita&#8221; do 13% \u00e1s preferentes de Novagalicia. Nin tampouco que un deputado cobre por dous sitios diferentes o aluguer dun piso de luxo en Madrid, ou que algu\u00e9n que apenas sabe ler deba entender o galimat\u00edas das preferentes, mentras un pol\u00edtico [&hellip;]<\/p>\n","protected":false},"author":3,"featured_media":0,"comment_status":"open","ping_status":"closed","sticky":false,"template":"","format":"standard","meta":{"activitypub_content_warning":"","activitypub_content_visibility":"","activitypub_max_image_attachments":3,"activitypub_interaction_policy_quote":"anyone","activitypub_status":"federated","footnotes":""},"categories":[1],"tags":[32,9],"class_list":["post-7124","post","type-post","status-publish","format-standard","hentry","category-sen-categoria","tag-filosofia","tag-sociedade"],"_links":{"self":[{"href":"https:\/\/blogs.amarinha.gal\/ribadeando\/wp-json\/wp\/v2\/posts\/7124","targetHints":{"allow":["GET"]}}],"collection":[{"href":"https:\/\/blogs.amarinha.gal\/ribadeando\/wp-json\/wp\/v2\/posts"}],"about":[{"href":"https:\/\/blogs.amarinha.gal\/ribadeando\/wp-json\/wp\/v2\/types\/post"}],"author":[{"embeddable":true,"href":"https:\/\/blogs.amarinha.gal\/ribadeando\/wp-json\/wp\/v2\/users\/3"}],"replies":[{"embeddable":true,"href":"https:\/\/blogs.amarinha.gal\/ribadeando\/wp-json\/wp\/v2\/comments?post=7124"}],"version-history":[{"count":0,"href":"https:\/\/blogs.amarinha.gal\/ribadeando\/wp-json\/wp\/v2\/posts\/7124\/revisions"}],"wp:attachment":[{"href":"https:\/\/blogs.amarinha.gal\/ribadeando\/wp-json\/wp\/v2\/media?parent=7124"}],"wp:term":[{"taxonomy":"category","embeddable":true,"href":"https:\/\/blogs.amarinha.gal\/ribadeando\/wp-json\/wp\/v2\/categories?post=7124"},{"taxonomy":"post_tag","embeddable":true,"href":"https:\/\/blogs.amarinha.gal\/ribadeando\/wp-json\/wp\/v2\/tags?post=7124"}],"curies":[{"name":"wp","href":"https:\/\/api.w.org\/{rel}","templated":true}]}}