{"id":7122,"date":"2013-06-13T00:00:00","date_gmt":"2013-06-12T22:00:00","guid":{"rendered":""},"modified":"2024-11-12T14:19:17","modified_gmt":"2024-11-12T13:19:17","slug":"porque-aqui-no-va-la-carcel-ni-dios","status":"publish","type":"post","link":"https:\/\/blogs.amarinha.gal\/ribadeando\/2013\/06\/13\/porque-aqui-no-va-la-carcel-ni-dios\/","title":{"rendered":"Porque aqu\u00ed no va a la c\u00e1rcel ni dios"},"content":{"rendered":"<p>\u00d3 final da proposta B de selectividade en Galicia para lingua castel\u00e1 \u00e9 nidio e cortante. O texto, de <a href=\"http:\/\/www.cronicasdelaemigracion.com\/opinion\/manuel-de-castro\/el-efecto-armstrong\/2013012109434247768\">Manuel de Castro, Cr\u00f3nicas de la emigraci\u00f3n<\/a>, 21\/1\/2013, adaptado, far\u00eda pensar \u00f3s alumnos que &#8216;Spain is different&#8217;: amosaba a confesi\u00f3n de Lance Amstrong e contrapo\u00f1\u00edaa \u00f3 que sucede en Espa\u00f1a. No deporte, si, pero sobre todo, en pol\u00edticos e financieiros.<\/p>\n<p>Hai unha cousa coa que non concordo: en base a que &#8216;o fai todo o mundo&#8217;, debido a que &#8216;todo o mundo&#8217; enfr\u00f3ntase \u00e1s probas en contra do seu comportamento cun sorriso e mantendo a mentira, en base a que &#8216;todo o mundo&#8217;&nbsp; p\u00fablico e cheo de lixo, nas \u00faltimas d\u00e9cadas ocultou a s\u00faa cara e esquivou pedir perd\u00f3n, en base a iso, afirma o autor que fan ben os que as\u00ed act\u00faan. \u00c9 un xeito de aplicar aquilo de &#8216;en terra dos lobos hai que ouvear como todos&#8217; co que non podo concordar. Se non defendemos facer o ben, remataremos sinxelamente &#8216;facendo ben&#8217; e de paso, carg\u00e1ndonos a \u00e9tica e o futuro.<\/p>\n<p>Quizais non sexan bos tempos para a denuncia, de tan afeitos que estamos \u00e1 corrupci\u00f3n. Quizais a fartura de denunciar mentras se ve que aumentan os motivos para facelo e as denuncias non te\u00f1en consecuencias produza un perigoso fast\u00edo. Si, o quizais s\u00f3 vela un pouco o feito real destas cousas, o fast\u00edo, que se est\u00e1 a dar. Pero o quizais deixa un resquicio \u00e1 esperanza. Un resquicio que hai que aproveitar. E loitar. Quizais hoxe dende a minor\u00eda e mesmo a marxinaci\u00f3n do sistema. Hoxe. Se queremos un futuro hai que comezar a constru\u00edlo. Hoxe.<\/p>\n","protected":false},"excerpt":{"rendered":"<p>\u00d3 final da proposta B de selectividade en Galicia para lingua castel\u00e1 \u00e9 nidio e cortante. O texto, de Manuel de Castro, Cr\u00f3nicas de la emigraci\u00f3n, 21\/1\/2013, adaptado, far\u00eda pensar \u00f3s alumnos que &#8216;Spain is different&#8217;: amosaba a confesi\u00f3n de Lance Amstrong e contrapo\u00f1\u00edaa \u00f3 que sucede en Espa\u00f1a. No deporte, si, pero sobre todo, [&hellip;]<\/p>\n","protected":false},"author":3,"featured_media":0,"comment_status":"open","ping_status":"closed","sticky":false,"template":"","format":"standard","meta":{"activitypub_content_warning":"","activitypub_content_visibility":"","activitypub_max_image_attachments":3,"activitypub_interaction_policy_quote":"anyone","activitypub_status":"federated","footnotes":""},"categories":[1],"tags":[32],"class_list":["post-7122","post","type-post","status-publish","format-standard","hentry","category-sen-categoria","tag-filosofia"],"_links":{"self":[{"href":"https:\/\/blogs.amarinha.gal\/ribadeando\/wp-json\/wp\/v2\/posts\/7122","targetHints":{"allow":["GET"]}}],"collection":[{"href":"https:\/\/blogs.amarinha.gal\/ribadeando\/wp-json\/wp\/v2\/posts"}],"about":[{"href":"https:\/\/blogs.amarinha.gal\/ribadeando\/wp-json\/wp\/v2\/types\/post"}],"author":[{"embeddable":true,"href":"https:\/\/blogs.amarinha.gal\/ribadeando\/wp-json\/wp\/v2\/users\/3"}],"replies":[{"embeddable":true,"href":"https:\/\/blogs.amarinha.gal\/ribadeando\/wp-json\/wp\/v2\/comments?post=7122"}],"version-history":[{"count":0,"href":"https:\/\/blogs.amarinha.gal\/ribadeando\/wp-json\/wp\/v2\/posts\/7122\/revisions"}],"wp:attachment":[{"href":"https:\/\/blogs.amarinha.gal\/ribadeando\/wp-json\/wp\/v2\/media?parent=7122"}],"wp:term":[{"taxonomy":"category","embeddable":true,"href":"https:\/\/blogs.amarinha.gal\/ribadeando\/wp-json\/wp\/v2\/categories?post=7122"},{"taxonomy":"post_tag","embeddable":true,"href":"https:\/\/blogs.amarinha.gal\/ribadeando\/wp-json\/wp\/v2\/tags?post=7122"}],"curies":[{"name":"wp","href":"https:\/\/api.w.org\/{rel}","templated":true}]}}