{"id":7120,"date":"2013-06-18T07:46:00","date_gmt":"2013-06-18T05:46:00","guid":{"rendered":""},"modified":"2024-11-12T14:19:08","modified_gmt":"2024-11-12T13:19:08","slug":"in-ribadeo-magazin-alimentar-romanesc","status":"publish","type":"post","link":"https:\/\/blogs.amarinha.gal\/ribadeando\/2013\/06\/18\/in-ribadeo-magazin-alimentar-romanesc\/","title":{"rendered":"In Ribadeo, magazin alimentar rom\u00e2nesc"},"content":{"rendered":"<p><em><span class=\"\" id=\"result_box\" lang=\"gl\"><span class=\"hps\">&#8216;Abre unha tenda rumana<\/span><\/span><span class=\"\" id=\"result_box\" lang=\"gl\"><span class=\"hps\"><span class=\"\" id=\"result_box\" lang=\"gl\"><span class=\"hps\"> de alimentaci\u00f3n<\/span><\/span><\/span><span class=\"hps\"> en<\/span> <span class=\"hps\">Ribadeo<\/span> <span class=\"hps\">a principios de<\/span> <span class=\"hps\">xullo. Esperamosvos!&#8217;.&nbsp;<\/span><\/span><\/em><\/p>\n<p><span class=\"\" id=\"result_box\" lang=\"gl\"><span class=\"hps\">Iso (m\u00e1is ou menos) \u00e9 o que di o cartel que vin onte por Ribadeo, co fondo da bandeira de Roman\u00eda. As fotos son de preto da estaci\u00f3n de autobuses.<\/span><\/span><\/p>\n<p><a href=\"https:\/\/blogger.googleusercontent.com\/img\/b\/R29vZ2xl\/AVvXsEgU7CoPQ4pyICUsT-J8QwLIgpHCqW5JxKcQ30hwaEtlBXReUtxOU8kq1FJdH1sFKmDGumB8M3nveqWi8tvjwlqpllYq3uiLZa0jVb_lU_ZiWEh7YnMp9VL2Oi4yz-4jmSVb_9fnRA\/s2048\/rumano.jpg\" imageanchor=\"1\" style=\"margin-left: 1em; margin-right: 1em;\"><img loading=\"lazy\" decoding=\"async\" height=\"488\" src=\"https:\/\/blogger.googleusercontent.com\/img\/b\/R29vZ2xl\/AVvXsEgU7CoPQ4pyICUsT-J8QwLIgpHCqW5JxKcQ30hwaEtlBXReUtxOU8kq1FJdH1sFKmDGumB8M3nveqWi8tvjwlqpllYq3uiLZa0jVb_lU_ZiWEh7YnMp9VL2Oi4yz-4jmSVb_9fnRA\/s2048\/rumano.jpg\" width=\"640\" \/><\/a><\/p>\n<p>Polo que parece, e por se algu\u00e9n non se decatou, a emigraci\u00f3n xa est\u00e1 aqu\u00ed, por m\u00e1is que algunhas veces non se vexa, oculta no anonimato ou no interese por pasar desapercibida, ou mesmo non interese vela ou non se conciba como pode haber emigraci\u00f3n cara un lugar co n\u00famero de parados que existe por aqu\u00ed.<\/p>\n<p>Ata agora abr\u00edan tendas os chinos, as maiores de Ribadeo, pero parece que outros colectivos se animan a facerse un oco na actividade econ\u00f3mica aut\u00f3noma de Ribadeo. Quiz\u00e1is ser\u00eda cousa de lembrar que en certo xeito, Ib\u00e1\u00f1ez era inmigrante dos Oscos, ou que a poboaci\u00f3n que sae na procura da vida f\u00f3ra do seu entorno ten un est\u00edmulo vital medio que \u00e9 superior \u00f3 que ten a xente que se queda \u00e1 procura da supervivencia facendo &#8216;o de sempre&#8217;.<\/p>\n","protected":false},"excerpt":{"rendered":"<p>&#8216;Abre unha tenda rumana de alimentaci\u00f3n en Ribadeo a principios de xullo. Esperamosvos!&#8217;.&nbsp; Iso (m\u00e1is ou menos) \u00e9 o que di o cartel que vin onte por Ribadeo, co fondo da bandeira de Roman\u00eda. As fotos son de preto da estaci\u00f3n de autobuses. Polo que parece, e por se algu\u00e9n non se decatou, a emigraci\u00f3n [&hellip;]<\/p>\n","protected":false},"author":3,"featured_media":0,"comment_status":"open","ping_status":"closed","sticky":false,"template":"","format":"standard","meta":{"activitypub_content_warning":"","activitypub_content_visibility":"","activitypub_max_image_attachments":3,"activitypub_interaction_policy_quote":"anyone","activitypub_status":"federate","footnotes":""},"categories":[1],"tags":[9],"class_list":["post-7120","post","type-post","status-publish","format-standard","hentry","category-sen-categoria","tag-sociedade"],"_links":{"self":[{"href":"https:\/\/blogs.amarinha.gal\/ribadeando\/wp-json\/wp\/v2\/posts\/7120","targetHints":{"allow":["GET"]}}],"collection":[{"href":"https:\/\/blogs.amarinha.gal\/ribadeando\/wp-json\/wp\/v2\/posts"}],"about":[{"href":"https:\/\/blogs.amarinha.gal\/ribadeando\/wp-json\/wp\/v2\/types\/post"}],"author":[{"embeddable":true,"href":"https:\/\/blogs.amarinha.gal\/ribadeando\/wp-json\/wp\/v2\/users\/3"}],"replies":[{"embeddable":true,"href":"https:\/\/blogs.amarinha.gal\/ribadeando\/wp-json\/wp\/v2\/comments?post=7120"}],"version-history":[{"count":0,"href":"https:\/\/blogs.amarinha.gal\/ribadeando\/wp-json\/wp\/v2\/posts\/7120\/revisions"}],"wp:attachment":[{"href":"https:\/\/blogs.amarinha.gal\/ribadeando\/wp-json\/wp\/v2\/media?parent=7120"}],"wp:term":[{"taxonomy":"category","embeddable":true,"href":"https:\/\/blogs.amarinha.gal\/ribadeando\/wp-json\/wp\/v2\/categories?post=7120"},{"taxonomy":"post_tag","embeddable":true,"href":"https:\/\/blogs.amarinha.gal\/ribadeando\/wp-json\/wp\/v2\/tags?post=7120"}],"curies":[{"name":"wp","href":"https:\/\/api.w.org\/{rel}","templated":true}]}}