{"id":7094,"date":"2013-07-15T09:43:00","date_gmt":"2013-07-15T07:43:00","guid":{"rendered":""},"modified":"2024-11-12T14:18:23","modified_gmt":"2024-11-12T13:18:23","slug":"a-corrupcion-as-touradas-e-pregaria","status":"publish","type":"post","link":"https:\/\/blogs.amarinha.gal\/ribadeando\/2013\/07\/15\/a-corrupcion-as-touradas-e-pregaria\/","title":{"rendered":"A corrupci\u00f3n, as touradas e a pregaria"},"content":{"rendered":"<p>A este paso, imos pedir cada ma\u00f1\u00e1 a nosa raci\u00f3n de novas de corrupci\u00f3n: xa estamos enganchados a elas, e se nos faltan, sufriremos un baix\u00f3n. Algo as\u00ed como o que tentaba reproducir o conto castizo relatado como &#8216;A d\u00f3nde vas? A los toros! De donde vienes? De los toros &#8230;&#8217;: xaleando \u00e1 ida, pasotas de fast\u00edo \u00e1 volta. Ou como na pregaria: &#8216;a corrupci\u00f3n nosa de cada d\u00eda, d\u00e1nola hoxe &#8230;&#8217;<\/p>\n<p>Coido que os pol\u00edticos son conscientes ata a m\u00e9dula deste detalle, e por iso dannos cada d\u00eda a nosa raci\u00f3n a mar de contentos para que nos desfoguemos, equezamos a gobernanza e a pol\u00edtica pase a ser un circo do que nos desinteresemos a\u00ednda m\u00e1is. Para que este\u00f1amos animados co circo, pero eles tranquilos porque o retorno ser\u00e1 asemade pasota e esquecido en boa parte, abarrotadas as nosas cabezas de tres traxes ou uns cantos mill\u00f3ns de euros, barreira que oculta o que favoreceron ou os dereitos que nos roubaron a conta.<\/p>\n<p>Hoxe, din, B\u00e1rcenas quere implicar a Rajoy. Non est\u00e1n xa ata as cexas ambos? E non nos seguen a quitar dereitos? (si, tam\u00e9n B\u00e1rcenas, administrando as novas de corrupci\u00f3n \u00f3 seu proveito en troques de telas soltado hai tempo  como manda a \u00e9tica e o noso dereito a saber) Unha volta m\u00e1is,&nbsp; queren que sigamos un culebr\u00f3n e nos desentendamos das consecuencias da pol\u00edtica e da nosa falta de participaci\u00f3n.<\/p>\n","protected":false},"excerpt":{"rendered":"<p>A este paso, imos pedir cada ma\u00f1\u00e1 a nosa raci\u00f3n de novas de corrupci\u00f3n: xa estamos enganchados a elas, e se nos faltan, sufriremos un baix\u00f3n. Algo as\u00ed como o que tentaba reproducir o conto castizo relatado como &#8216;A d\u00f3nde vas? A los toros! De donde vienes? De los toros &#8230;&#8217;: xaleando \u00e1 ida, pasotas [&hellip;]<\/p>\n","protected":false},"author":3,"featured_media":0,"comment_status":"open","ping_status":"closed","sticky":false,"template":"","format":"standard","meta":{"activitypub_content_warning":"","activitypub_content_visibility":"","activitypub_max_image_attachments":3,"activitypub_interaction_policy_quote":"anyone","activitypub_status":"federated","footnotes":""},"categories":[1],"tags":[32,13],"class_list":["post-7094","post","type-post","status-publish","format-standard","hentry","category-sen-categoria","tag-filosofia","tag-politica"],"_links":{"self":[{"href":"https:\/\/blogs.amarinha.gal\/ribadeando\/wp-json\/wp\/v2\/posts\/7094","targetHints":{"allow":["GET"]}}],"collection":[{"href":"https:\/\/blogs.amarinha.gal\/ribadeando\/wp-json\/wp\/v2\/posts"}],"about":[{"href":"https:\/\/blogs.amarinha.gal\/ribadeando\/wp-json\/wp\/v2\/types\/post"}],"author":[{"embeddable":true,"href":"https:\/\/blogs.amarinha.gal\/ribadeando\/wp-json\/wp\/v2\/users\/3"}],"replies":[{"embeddable":true,"href":"https:\/\/blogs.amarinha.gal\/ribadeando\/wp-json\/wp\/v2\/comments?post=7094"}],"version-history":[{"count":0,"href":"https:\/\/blogs.amarinha.gal\/ribadeando\/wp-json\/wp\/v2\/posts\/7094\/revisions"}],"wp:attachment":[{"href":"https:\/\/blogs.amarinha.gal\/ribadeando\/wp-json\/wp\/v2\/media?parent=7094"}],"wp:term":[{"taxonomy":"category","embeddable":true,"href":"https:\/\/blogs.amarinha.gal\/ribadeando\/wp-json\/wp\/v2\/categories?post=7094"},{"taxonomy":"post_tag","embeddable":true,"href":"https:\/\/blogs.amarinha.gal\/ribadeando\/wp-json\/wp\/v2\/tags?post=7094"}],"curies":[{"name":"wp","href":"https:\/\/api.w.org\/{rel}","templated":true}]}}