{"id":7069,"date":"2013-08-18T10:23:00","date_gmt":"2013-08-18T08:23:00","guid":{"rendered":""},"modified":"2024-11-12T14:17:35","modified_gmt":"2024-11-12T13:17:35","slug":"unha-finde-diferente","status":"publish","type":"post","link":"https:\/\/blogs.amarinha.gal\/ribadeando\/2013\/08\/18\/unha-finde-diferente\/","title":{"rendered":"Unha finde diferente"},"content":{"rendered":"<p>Onte <a href=\"http:\/\/ribadeo.org\/actualidade\/nova.php?id=1326&amp;lg=gal\">o Ribadeo FC cumpriu 100 anos<\/a>. Coido que \u00e9 unha nova etapa para un clube en forma. Celebraci\u00f3ns, si, pero as xustas nunha \u00e9 poca de crise e cun equipo que coido valora o esforzo actual m\u00e1is que o recrearse nun pasado por bo que sexa. Sen esquecer o pasado, claro.<\/p>\n<p>Iso, non esquecer o pasado, \u00e9 o que fai que hoxe se celebre o <a href=\"http:\/\/www.cronica3.com\/2013\/08\/ribadeo-homenaxea-as-vitimas-do-franquismo-o-18-de-agosto-no-canton\/\">d\u00eda da Galiza M\u00e1rtir<\/a>. Os represaliados ribadenses recibir\u00e1n unha homenaxe \u00e1s 12 no Cant\u00f3n.<\/p>\n<p>Mentras, o Sol xa siu e promete un d\u00eda buscando sombra.<\/p>\n<p>Despois da chamada virxe de agosto e o San Roque, un domingo para rematar unha finde con bo tempo na que se comezan a despedir os primeiros veraneantes&#8230;<\/p>\n","protected":false},"excerpt":{"rendered":"<p>Onte o Ribadeo FC cumpriu 100 anos. Coido que \u00e9 unha nova etapa para un clube en forma. Celebraci\u00f3ns, si, pero as xustas nunha \u00e9 poca de crise e cun equipo que coido valora o esforzo actual m\u00e1is que o recrearse nun pasado por bo que sexa. Sen esquecer o pasado, claro. Iso, non esquecer [&hellip;]<\/p>\n","protected":false},"author":3,"featured_media":0,"comment_status":"open","ping_status":"closed","sticky":false,"template":"","format":"standard","meta":{"activitypub_content_warning":"","activitypub_content_visibility":"","activitypub_max_image_attachments":3,"activitypub_interaction_policy_quote":"anyone","activitypub_status":"federate","footnotes":""},"categories":[1],"tags":[9],"class_list":["post-7069","post","type-post","status-publish","format-standard","hentry","category-sen-categoria","tag-sociedade"],"_links":{"self":[{"href":"https:\/\/blogs.amarinha.gal\/ribadeando\/wp-json\/wp\/v2\/posts\/7069","targetHints":{"allow":["GET"]}}],"collection":[{"href":"https:\/\/blogs.amarinha.gal\/ribadeando\/wp-json\/wp\/v2\/posts"}],"about":[{"href":"https:\/\/blogs.amarinha.gal\/ribadeando\/wp-json\/wp\/v2\/types\/post"}],"author":[{"embeddable":true,"href":"https:\/\/blogs.amarinha.gal\/ribadeando\/wp-json\/wp\/v2\/users\/3"}],"replies":[{"embeddable":true,"href":"https:\/\/blogs.amarinha.gal\/ribadeando\/wp-json\/wp\/v2\/comments?post=7069"}],"version-history":[{"count":0,"href":"https:\/\/blogs.amarinha.gal\/ribadeando\/wp-json\/wp\/v2\/posts\/7069\/revisions"}],"wp:attachment":[{"href":"https:\/\/blogs.amarinha.gal\/ribadeando\/wp-json\/wp\/v2\/media?parent=7069"}],"wp:term":[{"taxonomy":"category","embeddable":true,"href":"https:\/\/blogs.amarinha.gal\/ribadeando\/wp-json\/wp\/v2\/categories?post=7069"},{"taxonomy":"post_tag","embeddable":true,"href":"https:\/\/blogs.amarinha.gal\/ribadeando\/wp-json\/wp\/v2\/tags?post=7069"}],"curies":[{"name":"wp","href":"https:\/\/api.w.org\/{rel}","templated":true}]}}