{"id":7041,"date":"2013-09-23T07:59:00","date_gmt":"2013-09-23T05:59:00","guid":{"rendered":""},"modified":"2024-11-12T14:16:37","modified_gmt":"2024-11-12T13:16:37","slug":"unha-pregunta-os-analistas-politicos-en","status":"publish","type":"post","link":"https:\/\/blogs.amarinha.gal\/ribadeando\/2013\/09\/23\/unha-pregunta-os-analistas-politicos-en\/","title":{"rendered":"Unha pregunta \u00f3s analistas pol\u00edticos: en que liga xoga Espa\u00f1a?"},"content":{"rendered":"<p>M\u00e1is al\u00f3 da importancia que se lle est\u00e1 a dar \u00e1s elecci\u00f3ns alemanas, o mesmo d\u00eda que hai dous importantes ataques islamistas, un contra unha igrexa e outro contra un centro comercial e outras novasa nivel estatal, vai o propio significado de dita importancia concedida: as elecci\u00f3ns alemanas son importantes para n\u00f3s. Mesmo de a\u00ed xurdiu <a href=\"http:\/\/www.simonlluma.eu\/2013\/09\/porque-y-como-voto-en-las-elecciones-alemanas\/\">unha iniciativa que pretend\u00eda que os europeos afogados pola crise tiveran participaci\u00f3n nas elecci\u00f3ns alemanas cun voto delegado<\/a>, cun alcance moi limitado, por suposto.<\/p>\n<p>Pero \u00e9 que xa descubrimos no seu momento que as elecci\u00f3ns norteamericanas eran asemade &#8216;moi importantes para n\u00f3s&#8217;. E moito me temo que en breve, na seguinte xuntanza decisiva do Partido Comunista Chino descubramos algo polo estilo.<\/p>\n<p>Ben, nun mundo interconectado, \u00e9 l\u00f3xico que haxa dependencias mutuas. Mutuas, interdependencias, non o que estou a comentar, dependencia sen contrapartida. A traverso das novas e dos feitos, fumos descubrindo que Espa\u00f1a non xogaba na primeira divisi\u00f3n internacional. Logo, unha das cousas que se dixo \u00f3 entrar na UE foi que iso nos \u00eda permitir xogar nesa liga de primeira. Hoxe, despois da subordinaci\u00f3n de Europa en multitude de ocasi\u00f3ns, a \u00faltima, permitindo ser espiada (quiz\u00e1is para desculpar que os porpios pa\u00edses esp\u00eden \u00f3s seus cidad\u00e1ns), a\u00ednda que antes poid\u00e9ramos ter d\u00fabida, atop\u00e1monos con que esa divisi\u00f3n non \u00e9 tal, e que mesmo en Europa, xogamos noutra liga. Iso env\u00eda \u00f3 estado espa\u00f1ol a unha terceira divisi\u00f3n nunha liga onde xogan un total de 200 equipos. Se algu\u00e9n dubida do posto, que se vaia fixando no que vai pasando &#8230;<\/p>\n<table align=\"center\" cellpadding=\"0\" cellspacing=\"0\" class=\"tr-caption-container\" style=\"margin-left: auto; margin-right: auto; text-align: center;\">\n<tbody>\n<tr>\n<td style=\"text-align: center;\"><a href=\"https:\/\/blogger.googleusercontent.com\/img\/b\/R29vZ2xl\/AVvXsEgS2pXJFqLS86FLic3Ln-1kckLbPkCIPdyGI90a5motRt5nt02RKhaV7Habtechn1-CkR1xfqDEnFQ01nCAZX9aUHkMRcu-2pThBN8mr7K_BEbPyUy08mAWXkPoyt-OdlIwSje7tg\/s2048\/ONU.jpg\" imageanchor=\"1\" style=\"margin-left: auto; margin-right: auto;\"><img loading=\"lazy\" decoding=\"async\" height=\"424\" src=\"https:\/\/blogger.googleusercontent.com\/img\/b\/R29vZ2xl\/AVvXsEgS2pXJFqLS86FLic3Ln-1kckLbPkCIPdyGI90a5motRt5nt02RKhaV7Habtechn1-CkR1xfqDEnFQ01nCAZX9aUHkMRcu-2pThBN8mr7K_BEbPyUy08mAWXkPoyt-OdlIwSje7tg\/s2048\/ONU.jpg\" width=\"640\" \/><\/a><\/td>\n<\/tr>\n<tr>\n<td class=\"tr-caption\" style=\"text-align: center;\">Bandeira da ONU, collida da gl.wikipedia.org<\/td>\n<\/tr>\n<\/tbody>\n<\/table>\n","protected":false},"excerpt":{"rendered":"<p>M\u00e1is al\u00f3 da importancia que se lle est\u00e1 a dar \u00e1s elecci\u00f3ns alemanas, o mesmo d\u00eda que hai dous importantes ataques islamistas, un contra unha igrexa e outro contra un centro comercial e outras novasa nivel estatal, vai o propio significado de dita importancia concedida: as elecci\u00f3ns alemanas son importantes para n\u00f3s. Mesmo de a\u00ed [&hellip;]<\/p>\n","protected":false},"author":3,"featured_media":0,"comment_status":"open","ping_status":"closed","sticky":false,"template":"","format":"standard","meta":{"activitypub_content_warning":"","activitypub_content_visibility":"","activitypub_max_image_attachments":3,"activitypub_interaction_policy_quote":"anyone","activitypub_status":"federated","footnotes":""},"categories":[1],"tags":[9],"class_list":["post-7041","post","type-post","status-publish","format-standard","hentry","category-sen-categoria","tag-sociedade"],"_links":{"self":[{"href":"https:\/\/blogs.amarinha.gal\/ribadeando\/wp-json\/wp\/v2\/posts\/7041","targetHints":{"allow":["GET"]}}],"collection":[{"href":"https:\/\/blogs.amarinha.gal\/ribadeando\/wp-json\/wp\/v2\/posts"}],"about":[{"href":"https:\/\/blogs.amarinha.gal\/ribadeando\/wp-json\/wp\/v2\/types\/post"}],"author":[{"embeddable":true,"href":"https:\/\/blogs.amarinha.gal\/ribadeando\/wp-json\/wp\/v2\/users\/3"}],"replies":[{"embeddable":true,"href":"https:\/\/blogs.amarinha.gal\/ribadeando\/wp-json\/wp\/v2\/comments?post=7041"}],"version-history":[{"count":0,"href":"https:\/\/blogs.amarinha.gal\/ribadeando\/wp-json\/wp\/v2\/posts\/7041\/revisions"}],"wp:attachment":[{"href":"https:\/\/blogs.amarinha.gal\/ribadeando\/wp-json\/wp\/v2\/media?parent=7041"}],"wp:term":[{"taxonomy":"category","embeddable":true,"href":"https:\/\/blogs.amarinha.gal\/ribadeando\/wp-json\/wp\/v2\/categories?post=7041"},{"taxonomy":"post_tag","embeddable":true,"href":"https:\/\/blogs.amarinha.gal\/ribadeando\/wp-json\/wp\/v2\/tags?post=7041"}],"curies":[{"name":"wp","href":"https:\/\/api.w.org\/{rel}","templated":true}]}}