{"id":7039,"date":"2013-09-26T07:46:00","date_gmt":"2013-09-26T05:46:00","guid":{"rendered":""},"modified":"2024-11-12T14:16:35","modified_gmt":"2024-11-12T13:16:35","slug":"hoxe-hai-pleno-e-mais","status":"publish","type":"post","link":"https:\/\/blogs.amarinha.gal\/ribadeando\/2013\/09\/26\/hoxe-hai-pleno-e-mais\/","title":{"rendered":"Hoxe hai pleno e m\u00e1is"},"content":{"rendered":"<p>Non ven de m\u00e1is lembralo. Hoxe hai pleno en Ribadeo, por se algu\u00e9n se quere achegar. Hoxe, adem\u00e1is, <a href=\"http:\/\/ribadeando.blogspot.com.es\/2013\/09\/o-xoves-pleno-en-ribadeo-si.html\">a convocatoria do pleno difundiuse non s\u00f3 por parte deste blog<\/a>, sen\u00f3n, <a href=\"http:\/\/ribadeo.org\/actualidade\/nova.php?id=1348&amp;lg=gal\">despois, por parte do concello<\/a>, e tam\u00e9n pola plataforma de defensa da Sanidade P\u00fablica da Mari\u00f1a, que emitiu un <a href=\"http:\/\/www.cronica3.com\/2013\/09\/nova-concentracion-da-plataforma-na-defensa-da-sanidade-publica-da-marina-este-xoves-diante-do-concello-de-ribadeo\/\">comunicado que se pode ver nos xornais<\/a> para convocar unha concentraci\u00f3n en contra dos recortes na \u00e1rea sanitaria, que se po\u00f1en de manifesto en Ribadeo pola perda dun m\u00e9dico, a do que se manifesta en xeral para toda Galicia ou Espa\u00f1a, como o copago. A lembrar que <a href=\"http:\/\/ribadeando.blogspot.com.es\/2013\/09\/nota-de-prensa-despois-da-concentracion.html\">a plataforma xa convocou unha concentraci\u00f3n o m\u00e9rcores da pasada semana diante do Centro de sa\u00fade de Ribadeo<\/a>.<\/p>\n<p>Outras cousas a tratar no pleno segundo a nota do concello, o peche de contas do ano pasado do Concello (no que se elimina d\u00e9beda por 377 000 \u20ac, din), a autorizaci\u00f3n a Serviocio para obras na piscina pola s\u00faa conta e a xa avanzada petici\u00f3n de Parque Natural para o tramo de costa as Catedrais-illa Pancha, que deu lugar xa tam\u00e9n a <a href=\"http:\/\/www.cronica3.com\/2013\/09\/o-grupo-municipal-do-pp-de-ribadeo-lamenta-que-o-alcalde-rexeite-a-nosa-propostas-de-acadar-un-consenso-para-dotar-a-praia-das-catedrais-e-ao-seu-entorno-dun-plan-estratexico-de-usos-e-de-xes\/\">alg\u00fan debate (m\u00e1is ben discusi\u00f3n) nos medios<\/a>. Por outra beira, <a href=\"http:\/\/www.lavozdegalicia.es\/noticia\/amarina\/2013\/09\/26\/politicos-vecinos-protestan-ribadeo\/0003_201309X26C7992.htm\">un medio anuncia que adem\u00e1is dos anteriores, se tratar\u00e1 do apoio \u00e1 petici\u00f3n da plataforma sanitaria<\/a>.<\/p>\n<p>M\u00e1is a\u00ednda? Quiz\u00e1is &#8230;<\/p>\n","protected":false},"excerpt":{"rendered":"<p>Non ven de m\u00e1is lembralo. Hoxe hai pleno en Ribadeo, por se algu\u00e9n se quere achegar. Hoxe, adem\u00e1is, a convocatoria do pleno difundiuse non s\u00f3 por parte deste blog, sen\u00f3n, despois, por parte do concello, e tam\u00e9n pola plataforma de defensa da Sanidade P\u00fablica da Mari\u00f1a, que emitiu un comunicado que se pode ver nos [&hellip;]<\/p>\n","protected":false},"author":3,"featured_media":0,"comment_status":"open","ping_status":"closed","sticky":false,"template":"","format":"standard","meta":{"activitypub_content_warning":"","activitypub_content_visibility":"","activitypub_max_image_attachments":3,"activitypub_interaction_policy_quote":"anyone","activitypub_status":"federated","footnotes":""},"categories":[1],"tags":[42],"class_list":["post-7039","post","type-post","status-publish","format-standard","hentry","category-sen-categoria","tag-plenos"],"_links":{"self":[{"href":"https:\/\/blogs.amarinha.gal\/ribadeando\/wp-json\/wp\/v2\/posts\/7039","targetHints":{"allow":["GET"]}}],"collection":[{"href":"https:\/\/blogs.amarinha.gal\/ribadeando\/wp-json\/wp\/v2\/posts"}],"about":[{"href":"https:\/\/blogs.amarinha.gal\/ribadeando\/wp-json\/wp\/v2\/types\/post"}],"author":[{"embeddable":true,"href":"https:\/\/blogs.amarinha.gal\/ribadeando\/wp-json\/wp\/v2\/users\/3"}],"replies":[{"embeddable":true,"href":"https:\/\/blogs.amarinha.gal\/ribadeando\/wp-json\/wp\/v2\/comments?post=7039"}],"version-history":[{"count":0,"href":"https:\/\/blogs.amarinha.gal\/ribadeando\/wp-json\/wp\/v2\/posts\/7039\/revisions"}],"wp:attachment":[{"href":"https:\/\/blogs.amarinha.gal\/ribadeando\/wp-json\/wp\/v2\/media?parent=7039"}],"wp:term":[{"taxonomy":"category","embeddable":true,"href":"https:\/\/blogs.amarinha.gal\/ribadeando\/wp-json\/wp\/v2\/categories?post=7039"},{"taxonomy":"post_tag","embeddable":true,"href":"https:\/\/blogs.amarinha.gal\/ribadeando\/wp-json\/wp\/v2\/tags?post=7039"}],"curies":[{"name":"wp","href":"https:\/\/api.w.org\/{rel}","templated":true}]}}