{"id":7038,"date":"2013-09-27T07:58:00","date_gmt":"2013-09-27T05:58:00","guid":{"rendered":""},"modified":"2024-11-12T14:16:34","modified_gmt":"2024-11-12T13:16:34","slug":"20130926-concentracion-e-pleno-en","status":"publish","type":"post","link":"https:\/\/blogs.amarinha.gal\/ribadeando\/2013\/09\/27\/20130926-concentracion-e-pleno-en\/","title":{"rendered":"20130926: concentraci\u00f3n e pleno en Ribadeo"},"content":{"rendered":"<p><a href=\"https:\/\/blogger.googleusercontent.com\/img\/b\/R29vZ2xl\/AVvXsEhX2ds0yEpgpm_74D_JjMDnn6UOAdZWhPwWnWXuxel8kLg8W0YYSNRGaFg9ybJajhaATOLGYlMUV_GQ1DgGgvyLmmfTN0INTROgPpc6ZFWFTF2GHXwD3AVnF-XeKCQdKCtwk_LsYA\/s2048\/concentraci%C3%B3n+sanidade.jpg\" imageanchor=\"1\" style=\"margin-left: 1em; margin-right: 1em;\"><img loading=\"lazy\" decoding=\"async\" height=\"486\" src=\"https:\/\/blogger.googleusercontent.com\/img\/b\/R29vZ2xl\/AVvXsEhX2ds0yEpgpm_74D_JjMDnn6UOAdZWhPwWnWXuxel8kLg8W0YYSNRGaFg9ybJajhaATOLGYlMUV_GQ1DgGgvyLmmfTN0INTROgPpc6ZFWFTF2GHXwD3AVnF-XeKCQdKCtwk_LsYA\/s2048\/concentraci%C3%B3n+sanidade.jpg\" width=\"640\" \/><\/a><\/p>\n<p>Onte houbo, \u00e1s oito, previo \u00f3 <a href=\"http:\/\/ribadeando.blogspot.com.es\/2013\/09\/o-xoves-pleno-en-ribadeo-si.html\">pleno<\/a> porque se sumou a corporaci\u00f3n (m\u00e1is ou menos, todos, a\u00ednda que non estou seguro de que non faltara ningu\u00e9n do pleno), houbo unha concentraci\u00f3n <a href=\"http:\/\/ribadeando.blogspot.com.es\/2013\/09\/nota-de-prensa-despois-da-concentracion.html\">en defensa da sanidade na Mari\u00f1a<\/a>, neste caso, facendo fincap\u00e9 na perda dun m\u00e9dico en Ribadeo, onde se leu un manifesto. O pleno tivo que esperar \u00e1 finalizaci\u00f3n, ben pasadas as oito e cuarto.<\/p>\n<p>No pleno, por fin co\u00f1ec\u00edn pouco a pouco os puntos que se \u00edan a tratar, cando se foi facendo. A s\u00e1 estaba abondo chea de p\u00fablico, sen rebosar coma outras veces, pero pasadas as 11 da noite, sen rematar o pleno, cando me fun, quedaba s\u00f3 un espectador e unha periodista. Certamente, foi dos plenos que, horario aparte, prestoume ver por ser entretido e did\u00e1ctico en diferentes facetas. <\/p>\n<p>Claro, a s\u00faa lonxitude far\u00e1 que non reflicta todo nunha soa entrada, e a\u00ednda as\u00ed, resuma abondo. Por iso vou comezar cara \u00f3 final, punto 12, coas moci\u00f3ns, tras aclarar a falta do pleno dun dos concelleiros do PP, Manel Y\u00e1\u00f1ez, f\u00f3ra de Ribadeo por motivos laborais, co que a relaci\u00f3n de forzas estaba 7-3-1-1\/BNG-PP-UPRi-PSOE.<\/p>\n<p>A primeira presentada foi a correspondente \u00e1 concentraci\u00f3n, \u00e9 dicir, pola praza m\u00e9dica que se est\u00e1 a perder no servizo de atenci\u00f3n primaria en Ribadeo. A votaci\u00f3n foi de apoio un\u00e1nime, pero houbo alg\u00fan comentario a rese\u00f1ar. As\u00ed, Tino (UPRi), indicou que tam\u00e9n debera inclu\u00edrse de xeito espec\u00edfico na moci\u00f3n, e non dalo por inclu\u00eddo de xeito xen\u00e9rico, a perda dunha enfermeira hai uns meses e a flata de substituci\u00f3ns, que pode xeral problemas graves, en particular no ver\u00e1n. Despois dunha breve discusi\u00f3n, foi inclu\u00eddo. Val\u00edn (PP) Deixou dito que non trem\u00eda o pulso por ir en contra do que se decid\u00eda no seu partido en outros niveis, que estaban a favor da moci\u00f3n, pero iso non significaba coincidencia total de criterio con que se dixo ambaixo, na concentraci\u00f3n, por exemplo.<\/p>\n<p>A segunda moci\u00f3n foi do PP, pedindo a atenci\u00f3n a pacientes oncol\u00f3xicos no Hospital da Costa. Antes de ser tratada, \u00f3 ser anunciada polo alcalde, o BNG fixo a proposta dun eng\u00e1dego, que distribuiu entre os concelleiros. O PP mantivo a proposta. Nos comentarios posteriores, Tino lembrou que xa estaba todo o mundo de acordo, inclu\u00edda a Conselleira. O alcalde, Fernando, fixo unha defensa do eng\u00e1dego, a\u00ednda unha vez negado polo PP, enter\u00e1ndonos o p\u00fablico de que se trataba dunha extensi\u00f3n que ped\u00eda o tratamento integral deses enfermos en Burela, a activaci\u00f3n en Lugo e o non ter que trasladarse a outra provincia para o tratamento e coidado. O portavoz de UPRi apuntou &#8216;presentade outra moci\u00f3n&#8217;. E xusto, unha volta votada por unanimidade, o BNG presentou outra moci\u00f3n por v\u00eda de urxencia, polo procedemento &#8216;in voce&#8217;, pedindo o hospital de d\u00eda oncol\u00f3xico en Burela, a atenci\u00f3n no HULA e o non desprazamento a outra provincia. Nestes casos, primeiro hai que votar a urxencia, que saiu a favor con 9 votos, tendo en contra os tres dos concelleiros do PP presentes. O debate foi curto e a votaci\u00f3n, un\u00e1nime, algo que dir\u00eda que non se esperaba a corporaci\u00f3n mesma despois da discusi\u00f3n sobre o eng\u00e1dego na moci\u00f3n anterior.<\/p>\n<p>E ben, continuar\u00e1 \u00f3 longo do d\u00eda.<\/p>\n","protected":false},"excerpt":{"rendered":"<p>Onte houbo, \u00e1s oito, previo \u00f3 pleno porque se sumou a corporaci\u00f3n (m\u00e1is ou menos, todos, a\u00ednda que non estou seguro de que non faltara ningu\u00e9n do pleno), houbo unha concentraci\u00f3n en defensa da sanidade na Mari\u00f1a, neste caso, facendo fincap\u00e9 na perda dun m\u00e9dico en Ribadeo, onde se leu un manifesto. O pleno tivo [&hellip;]<\/p>\n","protected":false},"author":3,"featured_media":0,"comment_status":"open","ping_status":"closed","sticky":false,"template":"","format":"standard","meta":{"activitypub_content_warning":"","activitypub_content_visibility":"","activitypub_max_image_attachments":3,"activitypub_interaction_policy_quote":"anyone","activitypub_status":"federated","footnotes":""},"categories":[1],"tags":[42],"class_list":["post-7038","post","type-post","status-publish","format-standard","hentry","category-sen-categoria","tag-plenos"],"_links":{"self":[{"href":"https:\/\/blogs.amarinha.gal\/ribadeando\/wp-json\/wp\/v2\/posts\/7038","targetHints":{"allow":["GET"]}}],"collection":[{"href":"https:\/\/blogs.amarinha.gal\/ribadeando\/wp-json\/wp\/v2\/posts"}],"about":[{"href":"https:\/\/blogs.amarinha.gal\/ribadeando\/wp-json\/wp\/v2\/types\/post"}],"author":[{"embeddable":true,"href":"https:\/\/blogs.amarinha.gal\/ribadeando\/wp-json\/wp\/v2\/users\/3"}],"replies":[{"embeddable":true,"href":"https:\/\/blogs.amarinha.gal\/ribadeando\/wp-json\/wp\/v2\/comments?post=7038"}],"version-history":[{"count":0,"href":"https:\/\/blogs.amarinha.gal\/ribadeando\/wp-json\/wp\/v2\/posts\/7038\/revisions"}],"wp:attachment":[{"href":"https:\/\/blogs.amarinha.gal\/ribadeando\/wp-json\/wp\/v2\/media?parent=7038"}],"wp:term":[{"taxonomy":"category","embeddable":true,"href":"https:\/\/blogs.amarinha.gal\/ribadeando\/wp-json\/wp\/v2\/categories?post=7038"},{"taxonomy":"post_tag","embeddable":true,"href":"https:\/\/blogs.amarinha.gal\/ribadeando\/wp-json\/wp\/v2\/tags?post=7038"}],"curies":[{"name":"wp","href":"https:\/\/api.w.org\/{rel}","templated":true}]}}