{"id":7037,"date":"2013-09-27T17:04:00","date_gmt":"2013-09-27T15:04:00","guid":{"rendered":""},"modified":"2024-11-12T14:16:32","modified_gmt":"2024-11-12T13:16:32","slug":"20130926-concentracion-e-pleno-en_27","status":"publish","type":"post","link":"https:\/\/blogs.amarinha.gal\/ribadeando\/2013\/09\/27\/20130926-concentracion-e-pleno-en_27\/","title":{"rendered":"20130926: concentraci\u00f3n e pleno en Ribadeo (II)"},"content":{"rendered":"<p>Anterior: <a href=\"http:\/\/ribadeando.blogspot.com.es\/2013\/09\/20130926-concentracion-e-pleno-en.html\">20130926: concentraci\u00f3n e pleno en Ribadeo<\/a><\/p>\n<p>Recollo a conta do pleno, comezando agora polo inicio.<\/p>\n<p>Como xa dixen, a xente foi subindo despois da concentraci\u00f3n cara \u00f3 sal\u00f3n de plenos, comezando coa aprobaci\u00f3n de actas.<\/p>\n<p>O punto segundo foi a aprobaci\u00f3n de contas de 2012. Comezou Lalo (PSOE) anunciando a s\u00faa abstenci\u00f3n polos mesmos motivos que os dous anos anteriores. Na s\u00faa intervenci\u00f3n, Tino (UPRi) aludiu a un informe de intervenci\u00f3n de sete p\u00e1xinas, con numerosos reparos \u00e1s contas (segundo el), que repite deficiencias que xa sinalara a anterior interventora, a m\u00e1is de cargar contra as notas de prensa triunfalistas pola mellora das contas do concello. Asemade, afirmou que non todo o mundo (refer\u00edndose a entidades) paga as taxas. Azucena (PP) tam\u00e9n aludiu \u00e1s declaraci\u00f3ns nos medios do alcalde, \u00e1 desviaci\u00f3n do orzamento do pavill\u00f3n e \u00f3 esquecemento da, segundo ela, parte que lle corresponde \u00f3 estado na mellora de ditas contas pola concesi\u00f3n de cr\u00e9dito.<\/p>\n<p>Vicente, concelleiro de econom\u00eda e facenda (BNG), fixo menci\u00f3n da tradicional oposici\u00f3n dos membros doutros partidos, e recalca que xa se pagaron facturas de data 31 de xullo, mentras que os impagos de taxas van por v\u00eda executiva, necesitando tr\u00e1mites, pero non est\u00e1n parados. Para rematar, interviu o alcalde, dicindo b\u00e1sicamente que queda por mellorar, pero que se est\u00e1 a facer mellor que nunca dende que el se lembra, estando adem\u00e1is nunha situaci\u00f3n de crise xeral<\/p>\n<p>A votaci\u00f3n quedou e 7 votos a favor e 5 abstenci\u00f3ns.<\/p>\n<p>O punto 3 foi sobre obrigas pendentes de pago, unha daci\u00f3n de contas.<\/p>\n<p>O catro foi a declaraci\u00f3n de festivos locais para 2014, que por unanimidade quedaron o martes 4 de marzo, de antroido, e o luns oito de setembro, a patroa. <\/p>\n<p>A falta de abondos puntos que continuarei m\u00e1is adiante, como nun pleno destes queda tempo \u00f3s que estamos de espectadores, a\u00ed deixo un debuxo r\u00e1pido da mesa de concelleiros, m\u00e1is ou menos a estas alturas de pleno. <\/p>\n<p><a href=\"https:\/\/blogger.googleusercontent.com\/img\/b\/R29vZ2xl\/AVvXsEgDnxnnP_H5RTt_NBbfDaflqyz39EKZkfkMOdz1l2mURHziYOcJ-ZnudvjSJtsIpmaTu6dfYx9ikVlArdukrEAwJJZrtesx9eudVYxmAtHXMx20IC8ZEgwPev3HsjNMfEOGOEJ04A\/s2048\/20130926+pleno.jpg.jpg\" imageanchor=\"1\" style=\"margin-left: 1em; margin-right: 1em;\"><img loading=\"lazy\" decoding=\"async\" height=\"451\" src=\"https:\/\/blogger.googleusercontent.com\/img\/b\/R29vZ2xl\/AVvXsEgDnxnnP_H5RTt_NBbfDaflqyz39EKZkfkMOdz1l2mURHziYOcJ-ZnudvjSJtsIpmaTu6dfYx9ikVlArdukrEAwJJZrtesx9eudVYxmAtHXMx20IC8ZEgwPev3HsjNMfEOGOEJ04A\/s2048\/20130926+pleno.jpg.jpg\" width=\"640\" \/><\/a><\/p>\n<p>Contin\u00faa <a href=\"http:\/\/ribadeando.blogspot.com.es\/2013\/09\/20130926-concentracion-e-pleno-iii.html\">aqu\u00ed<\/a>.<\/p>\n","protected":false},"excerpt":{"rendered":"<p>Anterior: 20130926: concentraci\u00f3n e pleno en Ribadeo Recollo a conta do pleno, comezando agora polo inicio. Como xa dixen, a xente foi subindo despois da concentraci\u00f3n cara \u00f3 sal\u00f3n de plenos, comezando coa aprobaci\u00f3n de actas. O punto segundo foi a aprobaci\u00f3n de contas de 2012. Comezou Lalo (PSOE) anunciando a s\u00faa abstenci\u00f3n polos mesmos [&hellip;]<\/p>\n","protected":false},"author":3,"featured_media":0,"comment_status":"open","ping_status":"closed","sticky":false,"template":"","format":"standard","meta":{"activitypub_content_warning":"","activitypub_content_visibility":"","activitypub_max_image_attachments":3,"activitypub_interaction_policy_quote":"anyone","activitypub_status":"federated","footnotes":""},"categories":[1],"tags":[42],"class_list":["post-7037","post","type-post","status-publish","format-standard","hentry","category-sen-categoria","tag-plenos"],"_links":{"self":[{"href":"https:\/\/blogs.amarinha.gal\/ribadeando\/wp-json\/wp\/v2\/posts\/7037","targetHints":{"allow":["GET"]}}],"collection":[{"href":"https:\/\/blogs.amarinha.gal\/ribadeando\/wp-json\/wp\/v2\/posts"}],"about":[{"href":"https:\/\/blogs.amarinha.gal\/ribadeando\/wp-json\/wp\/v2\/types\/post"}],"author":[{"embeddable":true,"href":"https:\/\/blogs.amarinha.gal\/ribadeando\/wp-json\/wp\/v2\/users\/3"}],"replies":[{"embeddable":true,"href":"https:\/\/blogs.amarinha.gal\/ribadeando\/wp-json\/wp\/v2\/comments?post=7037"}],"version-history":[{"count":0,"href":"https:\/\/blogs.amarinha.gal\/ribadeando\/wp-json\/wp\/v2\/posts\/7037\/revisions"}],"wp:attachment":[{"href":"https:\/\/blogs.amarinha.gal\/ribadeando\/wp-json\/wp\/v2\/media?parent=7037"}],"wp:term":[{"taxonomy":"category","embeddable":true,"href":"https:\/\/blogs.amarinha.gal\/ribadeando\/wp-json\/wp\/v2\/categories?post=7037"},{"taxonomy":"post_tag","embeddable":true,"href":"https:\/\/blogs.amarinha.gal\/ribadeando\/wp-json\/wp\/v2\/tags?post=7037"}],"curies":[{"name":"wp","href":"https:\/\/api.w.org\/{rel}","templated":true}]}}