{"id":7036,"date":"2013-09-27T22:46:00","date_gmt":"2013-09-27T20:46:00","guid":{"rendered":""},"modified":"2024-11-12T14:16:31","modified_gmt":"2024-11-12T13:16:31","slug":"20130926-concentracion-e-pleno-iii","status":"publish","type":"post","link":"https:\/\/blogs.amarinha.gal\/ribadeando\/2013\/09\/27\/20130926-concentracion-e-pleno-iii\/","title":{"rendered":"20130926: concentraci\u00f3n e pleno (III)"},"content":{"rendered":"<p>Anteriores:<\/p>\n<p><a href=\"http:\/\/ribadeando.blogspot.com.es\/2013\/09\/20130926-concentracion-e-pleno-en.html\">concentraci\u00f3n e pleno<\/a><\/p>\n<p><a href=\"http:\/\/ribadeando.blogspot.com.es\/2013\/09\/20130926-concentracion-e-pleno-en_27.html\">concentraci\u00f3n e pleno (II)<\/a><\/p>\n<p>O punto 5\u00ba foi a ordenanza de axuda no fogar, tratada por obriga legal, imposta pola xunta. Foi aprobada por unanimidade, despois de diversos comentarios que valoraron a obriga e mencionaron algunha cousa que poidera mellorarse, como as sanci\u00f3ns, para as que Tino pediu &#8216;man esquerda&#8217; por parecerlle fortes, comentando despois o alcalde que de todos os xeitos non se vira polo momento necesidade de aplicar un regulamento para sanci\u00f3ns por falta de faltas.<\/p>\n<p>6\u00ba.A ordenanza sobre o prezo p\u00fablico do servizo, cun prantexamento de principio semellante \u00f3 anterior, aprobado con 11 votos e a abstenci\u00f3n de Lalo, que comenta que \u00e9 para que quede patente o seu desacordo contra as medidas do goberno auton\u00f3mico.<\/p>\n<p>O punto 7\u00ba foi sobre a proposta de Serviocio, que inclu\u00eda a instalaci\u00f3n dun novo sistema de depuraci\u00f3n na piscina, e que por dito motivo foi contestada por Tino, que, sen querer causar atrancos, expuxo que cr\u00eda que hab\u00eda m\u00e9todos mellores e m\u00e1is baratos. Aprobouse por unanimidade, despois dun pequeno intercambio Tino-Fernando sobre a oportunidade de presentar ditos comentarios na Comisi\u00f3n informativa e o desco\u00f1ecemento dos datos pertinentes naquel momento.<\/p>\n<p>Punto 8\u00ba, expediente de elecci\u00f3n do Xu\u00edz de Paz titular, que recaeu en M\u00aa Irene D\u00edaz Mart\u00ednez, entre sete persoas que querer\u00edan selo, en contra do sucedido da vez pasada, que s\u00f3 se presentou unha en segunda instancia. Houbo comentarios sobre a baremaci\u00f3n, pois segundo parece hab\u00eda algunha persoa co t\u00edtulo de avogado que pretend\u00eda selo. Aprobouse por 11 votos a favor e unha abstenci\u00f3n.<\/p>\n<p>O 9\u00ba, sobre a modificaci\u00f3n de cr\u00e9dito para o pavill\u00f3n, recibiu a unanimidade, segundo alg\u00fan concelleiro &#8216;porque non queda outro remedio&#8217; despois da desafortunada adxudicaci\u00f3n a unha empresa que tivo dificultades.<\/p>\n<p>Deixando para o final do comentario o 10\u00ba, o 11\u00ba foi metido de urxencia na orde do d\u00eda para facilitar o pago a proveedores, que foi comentado como cousa t\u00e9cnica e, por parte de Azucena (PP), cun comentario sobre que estaba leda pola valoraci\u00f3n do plan de proveedores do goberno.<\/p>\n<p>Nese momento hab\u00eda no p\u00fablico, a parte de min e unha reporteira, outras d\u00faas persoas, que aguantaron ata as moci\u00f3ns xa comentadas na primeira parte, de apoio \u00e1 sanidade ribadense e mari\u00f1\u00e1n. O resto, foron caendo pouco a pouco, as \u00faltimas \u00f3 rematar o punto 10\u00ba, sobre a proposta do goberno municipal de declaraci\u00f3n de Parque Natural As Catedrais.<\/p>\n<p>Neste punto, foi esgrimido o motivo da degradaci\u00f3n dunha xoia: melloran as visitas, empeora a conservaci\u00f3n O certo \u00e9 que a defensa inicial, por parte do alcalde, implicou unha pequena confusi\u00f3n entre o aumento de visitas e o aumento de protecci\u00f3n, que ser\u00eda despois aproveitado pola oposici\u00f3n. O espazo superp\u00f3nse \u00f3 LIC, que como as outras figuras de protecci\u00f3n que lle afectan, est\u00e1n sen desenvolver, incumprindo prazos, sendo a\u00ednda algo m\u00e1is limitado que aquel.<\/p>\n<p>&#8211;<em>Unha nota que se ocorreu no momento \u00e9 como queda algunha cousa como o <a href=\"https:\/\/blogs.amarinha.gal\/ribadeando\/search\/label\/castro%20das%20Grobas\" rel=\"nofollow noopener\" target=\"_blank\">Castro das Grobas<\/a>. Que significa para este sitio?<\/em>&#8211;<\/p>\n<p>PSOE e UPRi x\u00fantanse a BNG insistindo en que non pasa nada por pedilo. Interv\u00e9n Bra\u00f1a (PP) que en novembro de 2011, s\u00f3 uns meses despois da constituci\u00f3n do actual consistorio, o PP pediu un plan de uso e xesti\u00f3n nunha moci\u00f3n que segue sen debatirse en pleno dende aquela. Apunta a que hai un efecto chamada, pero non hai servizos, e es\u00edxelle \u00f3 concello que sauma responsabilidades, e que non pida un parque natural s\u00f3 para traer m\u00e1is visitantes e non para protexer: &#8216;\u00e9 certo que a Xunta est\u00e1 durmida, pero, que fixo o concello?. E, se se aproba, oito anos de tramitaci\u00f3n. E mentras?&#8217;. A m\u00e1is, hai que informar do que sup\u00f3n, polo que Campo fixo a proposta dunha petici\u00f3n \u00e1 Xutna para que desenvolva de xeito urxente os regulamentos correspondentes (na parte que lle corresponde) \u00e1s figuras de Monumento Natural, ZEPA, Rede Natura e LIC. Mentras, que o concello aplique medidas.<\/p>\n<p>Fala a continuaci\u00f3n Fernando, o alcalde, que comenta que a proposta ten 26 folios, e incorpora moitas medidas das ditas por Campo Bra\u00f1a: incorporaci\u00f3n de ISO, plan de calidade &#8230; o que significa servizos, auditor\u00eda, &#8230; sen que o concello posea nin 1 m<sup>2<\/sup> al\u00ed. Mentras, xa se creou unha li\u00f1a de transporte p\u00fablico que pouco a pouco se vai consolidando, qu\u00e9rense retranquear os servizos &#8230; e a\u00ednda van terse que devolver cartos \u00e1 Deputaci\u00f3n por non ter a\u00ednda permiso do Ministerio para facelo, despois de abondo tempo e idas e vidas de documentaci\u00f3n, e a Polic\u00eda Local foi &#8216;botada&#8217; pola polic\u00eda de tr\u00e1fico. Non se puido acceder \u00e1s axudas da Xunta a Parques Naturais, co 100% de custe subvencionado.<\/p>\n<p>Foi aqu\u00ed onde se deu un dos puntos rese\u00f1ables da noite. M\u00e1is ou menos:<\/p>\n<p>C. Bra\u00f1a: Al\u00e9dome de que reco\u00f1eza que a Xunta da subvenci\u00f3ns.<\/p>\n<p>Fernando: (en voz baixa) Migallas.<\/p>\n<p>C. Bra\u00f1a: \u00d3 Concello de Ribadeo, nin iso.<\/p>\n<p>Animo a pensar no significado do anterior, dende os dous puntos de vista, lembrando adem\u00e1is o punto de partida antes do intercambio.<\/p>\n<p>&#8211;<em>certamente, a longa discusi\u00f3n foi do m\u00e1is ilustrativo en diferentes sentidos, tando sobre datos como sobre fintas verbais ou encadre pol\u00edtico<\/em>&#8211;<\/p>\n<p>Foi aqu\u00ed adem\u00e1is onde unha persoa do p\u00fablico quixo intervir, sendo explicado polo alcalde que non era posible. &#8211;<em>certamente, non coa actual normativa sobre aprticipaci\u00f3n cidad\u00e1 en Ribadeo<\/em>&#8211;<\/p>\n<p>Falou a continuaci\u00f3n Horacio Pulpeiro (BNG) para facer algunha precisi\u00f3n co documento de proposta na man.<\/p>\n<p>Antes da votaci\u00f3n, outra intervenci\u00f3n, de Tino (UPRi): &#8216;Vou votar si porque coido que necesitamos dar un pu\u00f1etazo na mesa todos xuntos&#8217;<\/p>\n<p>O resultado da votaci\u00f3n, 9 a favor e 3 en contra.<\/p>\n<p>&#8230; e fin.<\/p>\n<p><!--7sup--><\/p>\n","protected":false},"excerpt":{"rendered":"<p>Anteriores: concentraci\u00f3n e pleno concentraci\u00f3n e pleno (II) O punto 5\u00ba foi a ordenanza de axuda no fogar, tratada por obriga legal, imposta pola xunta. Foi aprobada por unanimidade, despois de diversos comentarios que valoraron a obriga e mencionaron algunha cousa que poidera mellorarse, como as sanci\u00f3ns, para as que Tino pediu &#8216;man esquerda&#8217; por [&hellip;]<\/p>\n","protected":false},"author":3,"featured_media":0,"comment_status":"open","ping_status":"closed","sticky":false,"template":"","format":"standard","meta":{"activitypub_content_warning":"","activitypub_content_visibility":"","activitypub_max_image_attachments":3,"activitypub_interaction_policy_quote":"anyone","activitypub_status":"federated","footnotes":""},"categories":[1],"tags":[73,42],"class_list":["post-7036","post","type-post","status-publish","format-standard","hentry","category-sen-categoria","tag-castro-das-grobas","tag-plenos"],"_links":{"self":[{"href":"https:\/\/blogs.amarinha.gal\/ribadeando\/wp-json\/wp\/v2\/posts\/7036","targetHints":{"allow":["GET"]}}],"collection":[{"href":"https:\/\/blogs.amarinha.gal\/ribadeando\/wp-json\/wp\/v2\/posts"}],"about":[{"href":"https:\/\/blogs.amarinha.gal\/ribadeando\/wp-json\/wp\/v2\/types\/post"}],"author":[{"embeddable":true,"href":"https:\/\/blogs.amarinha.gal\/ribadeando\/wp-json\/wp\/v2\/users\/3"}],"replies":[{"embeddable":true,"href":"https:\/\/blogs.amarinha.gal\/ribadeando\/wp-json\/wp\/v2\/comments?post=7036"}],"version-history":[{"count":0,"href":"https:\/\/blogs.amarinha.gal\/ribadeando\/wp-json\/wp\/v2\/posts\/7036\/revisions"}],"wp:attachment":[{"href":"https:\/\/blogs.amarinha.gal\/ribadeando\/wp-json\/wp\/v2\/media?parent=7036"}],"wp:term":[{"taxonomy":"category","embeddable":true,"href":"https:\/\/blogs.amarinha.gal\/ribadeando\/wp-json\/wp\/v2\/categories?post=7036"},{"taxonomy":"post_tag","embeddable":true,"href":"https:\/\/blogs.amarinha.gal\/ribadeando\/wp-json\/wp\/v2\/tags?post=7036"}],"curies":[{"name":"wp","href":"https:\/\/api.w.org\/{rel}","templated":true}]}}