{"id":7032,"date":"2013-10-03T08:05:00","date_gmt":"2013-10-03T06:05:00","guid":{"rendered":""},"modified":"2024-11-12T14:16:25","modified_gmt":"2024-11-12T13:16:25","slug":"horario","status":"publish","type":"post","link":"https:\/\/blogs.amarinha.gal\/ribadeando\/2013\/10\/03\/horario\/","title":{"rendered":"Horario"},"content":{"rendered":"<p>O de levantarse cedo \u00e9 o que ten: se non se durme ben, est\u00e1 un arrastrado todo o rato. As\u00ed pois, \u00e9 doado imaxinar o que pasar\u00eda de levantarse unha hora m\u00e1is tarde. A luz el\u00e9ctrica estar\u00eda unha hora menos funcionando na casa, \u00f3 mediod\u00eda a posici\u00f3n do Sol estar\u00eda m\u00e1is centrada no ceo &#8230; <\/p>\n<p>Isa \u00e9 a proposta que hai varios anos se fixo dende o BNG para Galiza e foi rexeitada tild\u00e1ndoo de calquera cousa menos de sensatez, e a proposta que remata de ser repetida hai pouco para toda Espa\u00f1a de xeito formal e acollida de forma considerada, cando os m\u00e1is afectados pola mellora seriamos a xente do noroeste peninsular.<\/p>\n<p>A m\u00e1is, dicir que a proposta implica voltar a un <a href=\"http:\/\/www.taringa.net\/posts\/noticias\/17181513\/Espana-quiere-cambiar-de-huso-horario.html\">horario que ti\u00f1amos antes de que a Franco se lle metese na cabeza que era mellor que tiveramos o mesmo horario que Hitler en troques de telo como Churchill<\/a> (quiz\u00e1is o telo como os alem\u00e1ns ou como os ingleses como pobo era menos importante)<\/p>\n<p>Iso si, non ser\u00eda a panacea, pois necesitando sono, as horas hai que adaptalas, e se nos deitamos unha hora de reloxo oficial m\u00e1is tarde, iso tam\u00e9n implica cambios na luz el\u00e9ctrica que usamos pola noite.<\/p>\n<p>En calquera caso, o <a href=\"http:\/\/www.hora.es\/cambiohorario\/\">cambio<\/a> horario que ter\u00e1 lugar entre <a href=\"https:\/\/gl.wikipedia.org\/wiki\/Tempo_central_europeo_de_ver%C3%A1n\">horario de ver\u00e1n<\/a> e horario oficial de inverno o pr\u00f3ximo 27 (<a href=\"http:\/\/www.elcielodelmes.com\/cambio_de_horario.php\">medida que non deixa de ser controvertida por ser c\u00edclica, afectando \u00f3 organismo<\/a>) pode darnos unha idea dos cambios que ter\u00edan lugar no xeito de vivir e en n\u00f3s mesmos.<\/p>\n<p>Ter\u00e1 lugar ise atraso? De novo, sen decisi\u00f3n sobre as nosas propias vidas, esperaremos a decisi\u00f3n doutros dun xeito despreocupado: a n\u00f3s, o que nos boten&#8230;<\/p>\n<p>Mentres esperamos, podemos ver o <a href=\"http:\/\/24timezones.com\/reloj_hora_exacta.php\">horario en calquera lugar do mundo<\/a>.<\/p>\n","protected":false},"excerpt":{"rendered":"<p>O de levantarse cedo \u00e9 o que ten: se non se durme ben, est\u00e1 un arrastrado todo o rato. As\u00ed pois, \u00e9 doado imaxinar o que pasar\u00eda de levantarse unha hora m\u00e1is tarde. A luz el\u00e9ctrica estar\u00eda unha hora menos funcionando na casa, \u00f3 mediod\u00eda a posici\u00f3n do Sol estar\u00eda m\u00e1is centrada no ceo &#8230; [&hellip;]<\/p>\n","protected":false},"author":3,"featured_media":0,"comment_status":"open","ping_status":"closed","sticky":false,"template":"","format":"standard","meta":{"activitypub_content_warning":"","activitypub_content_visibility":"","activitypub_max_image_attachments":3,"activitypub_interaction_policy_quote":"anyone","activitypub_status":"federated","footnotes":""},"categories":[1],"tags":[9],"class_list":["post-7032","post","type-post","status-publish","format-standard","hentry","category-sen-categoria","tag-sociedade"],"_links":{"self":[{"href":"https:\/\/blogs.amarinha.gal\/ribadeando\/wp-json\/wp\/v2\/posts\/7032","targetHints":{"allow":["GET"]}}],"collection":[{"href":"https:\/\/blogs.amarinha.gal\/ribadeando\/wp-json\/wp\/v2\/posts"}],"about":[{"href":"https:\/\/blogs.amarinha.gal\/ribadeando\/wp-json\/wp\/v2\/types\/post"}],"author":[{"embeddable":true,"href":"https:\/\/blogs.amarinha.gal\/ribadeando\/wp-json\/wp\/v2\/users\/3"}],"replies":[{"embeddable":true,"href":"https:\/\/blogs.amarinha.gal\/ribadeando\/wp-json\/wp\/v2\/comments?post=7032"}],"version-history":[{"count":0,"href":"https:\/\/blogs.amarinha.gal\/ribadeando\/wp-json\/wp\/v2\/posts\/7032\/revisions"}],"wp:attachment":[{"href":"https:\/\/blogs.amarinha.gal\/ribadeando\/wp-json\/wp\/v2\/media?parent=7032"}],"wp:term":[{"taxonomy":"category","embeddable":true,"href":"https:\/\/blogs.amarinha.gal\/ribadeando\/wp-json\/wp\/v2\/categories?post=7032"},{"taxonomy":"post_tag","embeddable":true,"href":"https:\/\/blogs.amarinha.gal\/ribadeando\/wp-json\/wp\/v2\/tags?post=7032"}],"curies":[{"name":"wp","href":"https:\/\/api.w.org\/{rel}","templated":true}]}}