{"id":7008,"date":"2013-10-30T07:58:00","date_gmt":"2013-10-30T06:58:00","guid":{"rendered":""},"modified":"2024-11-12T14:15:40","modified_gmt":"2024-11-12T13:15:40","slug":"caos","status":"publish","type":"post","link":"https:\/\/blogs.amarinha.gal\/ribadeando\/2013\/10\/30\/caos\/","title":{"rendered":"Caos"},"content":{"rendered":"<p>Vaise producindo pouco a pouco no tecido social. As manifestaci\u00f3ns do mesmo van engrosando sen case sentilo. Pero de pronto, dec\u00e1taste: isto \u00e9 un caos! E o afectado polo caos \u00e9s ti, e outros moitos coma ti, que quedan \u00f3 pairo social, nun estado exclusi\u00f3n non tanto deles da sociedade, sen\u00f3n do anaco de sociedade en que viven en relaci\u00f3n \u00e1 superestrutura social, \u00e1 &#8216;metasociedade&#8217;.<\/p>\n<p>Que facer cando unha gran empresa (grande por tama\u00f1o, non por eficiencia ou servizo) comeza literalmente a xogar contigo coas s\u00faas propias regras? Que sentir cando cun accidente no que grosso modo se identifican un condutor, seis arrollados, un organizador, unha sociedade de organizaci\u00f3ns e un garante p\u00fablico (caso do accidente no ralli de de Viveiro) resulta que tan pronto se querella o condutor coa organizaci\u00f3n e o garante p\u00fablico como o grarante p\u00fablico coa sociedade de organizaci\u00f3ns, e cada quen ofrece unha versi\u00f3n diferente? Ou a nivel maior, que apego institucional ou \u00e1 estrutura estatal, cando resulta que se descubre unha espionaxe que m\u00e1is ou menos se intu\u00eda e o que pasa m\u00e1is ben \u00e9 que pasa a ser de dominio p\u00fablico, e que implica un pa\u00eds estranxeiro, e a resposta dise pa\u00eds \u00e9 que alomenos en parte os datos dos cidad\u00e1ns e empresas espiados foron entregados polos mesmos esp\u00edas propios a dito pa\u00eds estranxeiro?<\/p>\n<p>Son tres casos a diferentes niveis que se deron no \u00faltimo par de d\u00edas. Os temas, as implicaci\u00f3ns, evidentemente diferentes. O pagano, en solitario e por conxunto, a sociedade. E, si, tr\u00e1tase de anarqu\u00eda, pero anarqu\u00eda servida en bandexa por unha liberdade para quen pode, non para todos.<\/p>\n<p>Si, saiume unha entrada ca\u00f3tica&#8230;<\/p>\n","protected":false},"excerpt":{"rendered":"<p>Vaise producindo pouco a pouco no tecido social. As manifestaci\u00f3ns do mesmo van engrosando sen case sentilo. Pero de pronto, dec\u00e1taste: isto \u00e9 un caos! E o afectado polo caos \u00e9s ti, e outros moitos coma ti, que quedan \u00f3 pairo social, nun estado exclusi\u00f3n non tanto deles da sociedade, sen\u00f3n do anaco de sociedade [&hellip;]<\/p>\n","protected":false},"author":3,"featured_media":0,"comment_status":"open","ping_status":"closed","sticky":false,"template":"","format":"standard","meta":{"activitypub_content_warning":"","activitypub_content_visibility":"","activitypub_max_image_attachments":3,"activitypub_interaction_policy_quote":"anyone","activitypub_status":"federated","footnotes":""},"categories":[1],"tags":[9],"class_list":["post-7008","post","type-post","status-publish","format-standard","hentry","category-sen-categoria","tag-sociedade"],"_links":{"self":[{"href":"https:\/\/blogs.amarinha.gal\/ribadeando\/wp-json\/wp\/v2\/posts\/7008","targetHints":{"allow":["GET"]}}],"collection":[{"href":"https:\/\/blogs.amarinha.gal\/ribadeando\/wp-json\/wp\/v2\/posts"}],"about":[{"href":"https:\/\/blogs.amarinha.gal\/ribadeando\/wp-json\/wp\/v2\/types\/post"}],"author":[{"embeddable":true,"href":"https:\/\/blogs.amarinha.gal\/ribadeando\/wp-json\/wp\/v2\/users\/3"}],"replies":[{"embeddable":true,"href":"https:\/\/blogs.amarinha.gal\/ribadeando\/wp-json\/wp\/v2\/comments?post=7008"}],"version-history":[{"count":0,"href":"https:\/\/blogs.amarinha.gal\/ribadeando\/wp-json\/wp\/v2\/posts\/7008\/revisions"}],"wp:attachment":[{"href":"https:\/\/blogs.amarinha.gal\/ribadeando\/wp-json\/wp\/v2\/media?parent=7008"}],"wp:term":[{"taxonomy":"category","embeddable":true,"href":"https:\/\/blogs.amarinha.gal\/ribadeando\/wp-json\/wp\/v2\/categories?post=7008"},{"taxonomy":"post_tag","embeddable":true,"href":"https:\/\/blogs.amarinha.gal\/ribadeando\/wp-json\/wp\/v2\/tags?post=7008"}],"curies":[{"name":"wp","href":"https:\/\/api.w.org\/{rel}","templated":true}]}}