{"id":7005,"date":"2013-11-02T11:13:00","date_gmt":"2013-11-02T10:13:00","guid":{"rendered":""},"modified":"2024-11-12T14:15:36","modified_gmt":"2024-11-12T13:15:36","slug":"era-kelli-sen-terra","status":"publish","type":"post","link":"https:\/\/blogs.amarinha.gal\/ribadeando\/2013\/11\/02\/era-kelli-sen-terra\/","title":{"rendered":"Era Kelli, sen terra"},"content":{"rendered":"<p>Onte houbo unha xuntanza no lavadoiro da r\u00faa dos Fornos. O local previsto polo concello de Ribadeo para asociaci\u00f3ns foi sitio dunha xuntanza ronda onde xente relacionada con alternativas sociais e econ\u00f3micas se atopou con Kelli, da que s\u00f3 sab\u00edamos que era tra\u00edda por <a href=\"http:\/\/amarantesetem.org\/\">Amarante<\/a> para entendemento por parte dos asistentes do movemento <a href=\"http:\/\/www.mst.org.br\/\">MST<\/a> e (menos, por ser m\u00e1is xen\u00e9rico e variopinto) para a aproximaci\u00f3n de Kelli \u00e1 realidade sociecon\u00f3mica da nosa terra, na parte que poidera ter m\u00e1is interese para ela.<\/p>\n<p>A cousa presentouse e pasouse logo \u00e1 propia presentaci\u00f3n dos asistentes. Ben, mellor, das asistentes, entre outras cousas, porque eran maior\u00eda (3\/5 dos que asistimos) Cada quen, nesa presentaci\u00f3n, dixo m\u00e1is ou menos cales eran os seus intereses, a raz\u00f3n de por que estaba interesado na xuntanza. E as\u00ed, despois, sen ter unha li\u00f1a prefixada, Kelli puido expor li\u00f1as xerais sobre as que a xente congregada estabamos interesados. Foi despois ela quen puido atender a diferentes visi\u00f3ns de problemas &#8216;de aqu\u00ed&#8217; relacionados cos problemas que trata de xeito preferente o MST.<\/p>\n<p>Unha charla diferente nun suave portugu\u00e9s brasileiro para abrir os ollos fronte a unha realidade que \u00e9 do mesmo mundo que habitamos. <\/p>\n<p>Houbo quen tomou unha ampla nota do tratado, pero non fun eu. Se me fago cos apuntes &#8230;<\/p>\n","protected":false},"excerpt":{"rendered":"<p>Onte houbo unha xuntanza no lavadoiro da r\u00faa dos Fornos. O local previsto polo concello de Ribadeo para asociaci\u00f3ns foi sitio dunha xuntanza ronda onde xente relacionada con alternativas sociais e econ\u00f3micas se atopou con Kelli, da que s\u00f3 sab\u00edamos que era tra\u00edda por Amarante para entendemento por parte dos asistentes do movemento MST e [&hellip;]<\/p>\n","protected":false},"author":3,"featured_media":0,"comment_status":"open","ping_status":"closed","sticky":false,"template":"","format":"standard","meta":{"activitypub_content_warning":"","activitypub_content_visibility":"","activitypub_max_image_attachments":3,"activitypub_interaction_policy_quote":"anyone","activitypub_status":"federated","footnotes":""},"categories":[1],"tags":[9],"class_list":["post-7005","post","type-post","status-publish","format-standard","hentry","category-sen-categoria","tag-sociedade"],"_links":{"self":[{"href":"https:\/\/blogs.amarinha.gal\/ribadeando\/wp-json\/wp\/v2\/posts\/7005","targetHints":{"allow":["GET"]}}],"collection":[{"href":"https:\/\/blogs.amarinha.gal\/ribadeando\/wp-json\/wp\/v2\/posts"}],"about":[{"href":"https:\/\/blogs.amarinha.gal\/ribadeando\/wp-json\/wp\/v2\/types\/post"}],"author":[{"embeddable":true,"href":"https:\/\/blogs.amarinha.gal\/ribadeando\/wp-json\/wp\/v2\/users\/3"}],"replies":[{"embeddable":true,"href":"https:\/\/blogs.amarinha.gal\/ribadeando\/wp-json\/wp\/v2\/comments?post=7005"}],"version-history":[{"count":0,"href":"https:\/\/blogs.amarinha.gal\/ribadeando\/wp-json\/wp\/v2\/posts\/7005\/revisions"}],"wp:attachment":[{"href":"https:\/\/blogs.amarinha.gal\/ribadeando\/wp-json\/wp\/v2\/media?parent=7005"}],"wp:term":[{"taxonomy":"category","embeddable":true,"href":"https:\/\/blogs.amarinha.gal\/ribadeando\/wp-json\/wp\/v2\/categories?post=7005"},{"taxonomy":"post_tag","embeddable":true,"href":"https:\/\/blogs.amarinha.gal\/ribadeando\/wp-json\/wp\/v2\/tags?post=7005"}],"curies":[{"name":"wp","href":"https:\/\/api.w.org\/{rel}","templated":true}]}}