{"id":6992,"date":"2013-11-18T07:53:00","date_gmt":"2013-11-18T06:53:00","guid":{"rendered":""},"modified":"2024-11-12T14:15:08","modified_gmt":"2024-11-12T13:15:08","slug":"pleno-ordinario-de-venres-15","status":"publish","type":"post","link":"https:\/\/blogs.amarinha.gal\/ribadeando\/2013\/11\/18\/pleno-ordinario-de-venres-15\/","title":{"rendered":"Pleno ordinario de venres 15 &#8230;"},"content":{"rendered":"<p>Remato de ver polo corpo dunha nova de propaganda (<a href=\"http:\/\/ribadeo.org\/actualidade\/nova.php?id=1392&amp;lg=gal\">blog do concello<\/a>) que o venres debeu haber pleno [nota: de propaganda, pois foi usada para dar bombo a que se vai cobrar m\u00e1is \u00f3s bancos, cando si, se vai cobrar m\u00e1is, pero evidentemente, a cantidade non vai solucionar problemas de tesourer\u00eda do concello].&nbsp;<\/p>\n<p>Nun xornal da semana pasada, en papel e na web, referido \u00e1 mesma nova, o pleno era situado hoxe luns. Nos xornais, esta fin de semana, novas sobre Ribadeo, pero aparentemente, non sobre un pleno. A mesma semana pasada <a href=\"http:\/\/ribadeando.blogspot.com.es\/2013\/11\/claridade-que-entre-luz.html\">falaba precisamente da participaci\u00f3n cidad\u00e1, das posibilidades en Ribadeo, da informaci\u00f3n dispo\u00f1ible<\/a> &#8230; O salteado dos plenos, despois de ser fixos en luns dende hab\u00eda tempo, introduce a\u00ednda m\u00e1is volatilidade na participaci\u00f3n da xente, curiosamente despois de varios chamamentos dende a mesma alcald\u00eda \u00e1 participaci\u00f3n de p\u00fablico para apoiar alg\u00fan tema concreto.<\/p>\n<p>O Tes\u00f3n ti\u00f1a &#8216;para o pr\u00f3ximo pleno&#8217; algunhas preguntas:<\/p>\n<p>&#8221;<\/p>\n<p align=\"JUSTIFY\">1. Tendo pasado xa longo tempo dende a concesi\u00f3n xudicial dunha<br \/>\ncantidade \u00f3 Concello con motivo do esnaquizamento das vidrieiras da<br \/>\ncapela do cemiterio, e continuando a nosa pregunta do pleno de 21 de<br \/>\nmaio, <em>solicitamos co\u00f1ecer que se fixo con ditos cartos e que se<br \/>\nest\u00e1 a facer para repo\u00f1er as vidrieiras \u00f3 seu estado inicial.<\/em><\/p>\n<p align=\"JUSTIFY\">2. Tendo xa pasado longo tempo dende o 20 de setembro de 2010 no que<br \/>\na asociaci\u00f3n realizou unha pregunta sobre a devoluci\u00f3n a Ribadeo do<br \/>\ncan\u00f3n lanzacabos doado pola armada norteamericana, \u00e1 que se nos<br \/>\nrespostou que se procurar\u00eda informaci\u00f3n para no seu caso facer as<br \/>\nxesti\u00f3ns para a s\u00faa restituci\u00f3n, <em>solicitamos co\u00f1ecer as<br \/>\nxesti\u00f3ns realizadas <\/em><em>nestes tres anos<\/em><em> e os seus<br \/>\nresultados.<\/em><\/p>\n<p>&#8221;<\/p>\n<p>Se se fixo venres, haber\u00e1 que facer a petici\u00f3n por escrito de novo para tentar lograr respostas: seguindo outra tradici\u00f3n, non creo que foran respondidas &#8216;por non haber ningu\u00e9n&#8217;. Haber\u00e1 que enterarse. Se non se fixo, &#8230;<\/p>\n<p>Mentras, as vidrieiras seguen sen estar, e o can\u00f3n, de viaxe.<\/p>\n","protected":false},"excerpt":{"rendered":"<p>Remato de ver polo corpo dunha nova de propaganda (blog do concello) que o venres debeu haber pleno [nota: de propaganda, pois foi usada para dar bombo a que se vai cobrar m\u00e1is \u00f3s bancos, cando si, se vai cobrar m\u00e1is, pero evidentemente, a cantidade non vai solucionar problemas de tesourer\u00eda do concello].&nbsp; Nun xornal [&hellip;]<\/p>\n","protected":false},"author":3,"featured_media":0,"comment_status":"open","ping_status":"closed","sticky":false,"template":"","format":"standard","meta":{"activitypub_content_warning":"","activitypub_content_visibility":"","activitypub_max_image_attachments":3,"activitypub_interaction_policy_quote":"anyone","activitypub_status":"federate","footnotes":""},"categories":[1],"tags":[74,42],"class_list":["post-6992","post","type-post","status-publish","format-standard","hentry","category-sen-categoria","tag-o-teson","tag-plenos"],"_links":{"self":[{"href":"https:\/\/blogs.amarinha.gal\/ribadeando\/wp-json\/wp\/v2\/posts\/6992","targetHints":{"allow":["GET"]}}],"collection":[{"href":"https:\/\/blogs.amarinha.gal\/ribadeando\/wp-json\/wp\/v2\/posts"}],"about":[{"href":"https:\/\/blogs.amarinha.gal\/ribadeando\/wp-json\/wp\/v2\/types\/post"}],"author":[{"embeddable":true,"href":"https:\/\/blogs.amarinha.gal\/ribadeando\/wp-json\/wp\/v2\/users\/3"}],"replies":[{"embeddable":true,"href":"https:\/\/blogs.amarinha.gal\/ribadeando\/wp-json\/wp\/v2\/comments?post=6992"}],"version-history":[{"count":0,"href":"https:\/\/blogs.amarinha.gal\/ribadeando\/wp-json\/wp\/v2\/posts\/6992\/revisions"}],"wp:attachment":[{"href":"https:\/\/blogs.amarinha.gal\/ribadeando\/wp-json\/wp\/v2\/media?parent=6992"}],"wp:term":[{"taxonomy":"category","embeddable":true,"href":"https:\/\/blogs.amarinha.gal\/ribadeando\/wp-json\/wp\/v2\/categories?post=6992"},{"taxonomy":"post_tag","embeddable":true,"href":"https:\/\/blogs.amarinha.gal\/ribadeando\/wp-json\/wp\/v2\/tags?post=6992"}],"curies":[{"name":"wp","href":"https:\/\/api.w.org\/{rel}","templated":true}]}}