{"id":6990,"date":"2013-11-19T07:46:00","date_gmt":"2013-11-19T06:46:00","guid":{"rendered":""},"modified":"2024-11-12T14:15:04","modified_gmt":"2024-11-12T13:15:04","slug":"retorno-antes-do-pasado-venres-15","status":"publish","type":"post","link":"https:\/\/blogs.amarinha.gal\/ribadeando\/2013\/11\/19\/retorno-antes-do-pasado-venres-15\/","title":{"rendered":"Retorno a antes do pasado venres 15"},"content":{"rendered":"<p>S\u00f3 unhas verbas para amosar un retorno \u00f3 pasado anterior \u00f3 <a href=\"http:\/\/ribadeando.blogspot.com.es\/2013\/11\/pleno-ordinario-de-venres-15.html\">pleno do venres 15<\/a>:<\/p>\n<p><a href=\"https:\/\/blogger.googleusercontent.com\/img\/b\/R29vZ2xl\/AVvXsEj7GpfeyffShIBK4Yxdz3NVNMVIS3df5pj0ZR60MK1ed8qnL0i0SAVvBoRmMlC8HGQt_HGRr29ZZZ0akBF8soaF5EjkWPvBZZbegQuiscON1szMWPIUMLo7I5hup5rVq0RYcZpYdQ\/s2048\/pleno.jpg\" imageanchor=\"1\" style=\"margin-left: 1em; margin-right: 1em;\"><img loading=\"lazy\" decoding=\"async\" height=\"640\" src=\"https:\/\/blogger.googleusercontent.com\/img\/b\/R29vZ2xl\/AVvXsEj7GpfeyffShIBK4Yxdz3NVNMVIS3df5pj0ZR60MK1ed8qnL0i0SAVvBoRmMlC8HGQt_HGRr29ZZZ0akBF8soaF5EjkWPvBZZbegQuiscON1szMWPIUMLo7I5hup5rVq0RYcZpYdQ\/s2048\/pleno.jpg\" width=\"510\" \/><\/a><\/p>\n<p>A\u00ednda que sexa testimonial, dicir que se pode agrandar premendo co rato sobre a imaxe, para ler&#8230;<\/p>\n<p>A sinatura est\u00e1 con 12 de novembro. Ese mesmo d\u00eda pasei polo concello despois de media ma\u00f1\u00e1 e non estaba colgado \u00e1 hora que pasei, pois mirei de xeito espec\u00edfico para a s\u00faa procura. O pleno foi o 15. Por po\u00f1er un exemplo, as preguntas que se fan \u00f3 pleno por parte das asociaci\u00f3ns necesitan estar 48 horas antes dos plenos coa entrada do concello &#8230;<\/p>\n<p>Que cada quen saque as s\u00faas conclusi\u00f3ns.<\/p>\n","protected":false},"excerpt":{"rendered":"<p>S\u00f3 unhas verbas para amosar un retorno \u00f3 pasado anterior \u00f3 pleno do venres 15: A\u00ednda que sexa testimonial, dicir que se pode agrandar premendo co rato sobre a imaxe, para ler&#8230; A sinatura est\u00e1 con 12 de novembro. Ese mesmo d\u00eda pasei polo concello despois de media ma\u00f1\u00e1 e non estaba colgado \u00e1 hora [&hellip;]<\/p>\n","protected":false},"author":3,"featured_media":0,"comment_status":"open","ping_status":"closed","sticky":false,"template":"","format":"standard","meta":{"activitypub_content_warning":"","activitypub_content_visibility":"","activitypub_max_image_attachments":3,"activitypub_interaction_policy_quote":"anyone","activitypub_status":"federate","footnotes":""},"categories":[1],"tags":[42],"class_list":["post-6990","post","type-post","status-publish","format-standard","hentry","category-sen-categoria","tag-plenos"],"_links":{"self":[{"href":"https:\/\/blogs.amarinha.gal\/ribadeando\/wp-json\/wp\/v2\/posts\/6990","targetHints":{"allow":["GET"]}}],"collection":[{"href":"https:\/\/blogs.amarinha.gal\/ribadeando\/wp-json\/wp\/v2\/posts"}],"about":[{"href":"https:\/\/blogs.amarinha.gal\/ribadeando\/wp-json\/wp\/v2\/types\/post"}],"author":[{"embeddable":true,"href":"https:\/\/blogs.amarinha.gal\/ribadeando\/wp-json\/wp\/v2\/users\/3"}],"replies":[{"embeddable":true,"href":"https:\/\/blogs.amarinha.gal\/ribadeando\/wp-json\/wp\/v2\/comments?post=6990"}],"version-history":[{"count":0,"href":"https:\/\/blogs.amarinha.gal\/ribadeando\/wp-json\/wp\/v2\/posts\/6990\/revisions"}],"wp:attachment":[{"href":"https:\/\/blogs.amarinha.gal\/ribadeando\/wp-json\/wp\/v2\/media?parent=6990"}],"wp:term":[{"taxonomy":"category","embeddable":true,"href":"https:\/\/blogs.amarinha.gal\/ribadeando\/wp-json\/wp\/v2\/categories?post=6990"},{"taxonomy":"post_tag","embeddable":true,"href":"https:\/\/blogs.amarinha.gal\/ribadeando\/wp-json\/wp\/v2\/tags?post=6990"}],"curies":[{"name":"wp","href":"https:\/\/api.w.org\/{rel}","templated":true}]}}