{"id":6989,"date":"2013-11-19T15:51:00","date_gmt":"2013-11-19T14:51:00","guid":{"rendered":""},"modified":"2024-11-12T14:15:03","modified_gmt":"2024-11-12T13:15:03","slug":"algo-mais-sobre-o-pleno-do-15","status":"publish","type":"post","link":"https:\/\/blogs.amarinha.gal\/ribadeando\/2013\/11\/19\/algo-mais-sobre-o-pleno-do-15\/","title":{"rendered":"Algo m\u00e1is sobre o pleno do 15"},"content":{"rendered":"<p>Pouco a pouco van cheg\u00e1ndome m\u00e1is informaci\u00f3ns sobre o <a href=\"http:\/\/ribadeando.blogspot.com.es\/2013\/11\/retorno-antes-do-pasado-venres-15.html\">pleno do pasado d\u00eda 15<\/a>. Unha, aclaraba que houbo unha cuesti\u00f3n de urxencia para -de novo- ordear que se puxera o nome de Dionisio Gamallo \u00f3 novo centro. Cabe lembrar a este respecto, que mentras a corporaci\u00f3n non se preocupou demasiado do parto do novo centro de medias, o IES de Ribadeo, xa hai un ano que apremio a que se lle puxera o nome que xa usaba a \u00faltima \u00e9poca un dos IES anteriores, o que, \u00f3 meu ver, non far\u00e1 m\u00e1is que crear confusi\u00f3n. Aposto por deixarlle o nome que xa ten na actualidade: IES de Ribadeo, ou, en caso de que &#8216;iso&#8217; pareza que non \u00e9 nome, que quede como &#8216;IES r\u00eda de Ribadeo&#8217;, como xa o fixen saber. En fin, case seguro que o do nome volve aparecer por algures no blog antes da votaci\u00f3n definitiva (que conste que o nome prop\u00f3nse polo Consello Escolar, pero quen o pon \u00e9 a Xunta, o que poder\u00eda dar lugar a sorpresas)<\/p>\n<p>Outra, daba fe de que as <a href=\"http:\/\/ribadeando.blogspot.com.es\/2013\/11\/pleno-ordinario-de-venres-15.html\">preguntas de O Tes\u00f3n<\/a> si foron tratadas.<\/p>\n<p>Polo que parece, o can\u00f3n segue sen saberse onde est\u00e1, tres anos despois de que O Tes\u00f3n preguntara por el e que o alcalde quedara en enterarse. Entre alusi\u00f3ns \u00f3 seu pouco valor, parece que poder\u00eda estar mesmo nalg\u00fan almac\u00e9n do concello &#8230;<\/p>\n<p>En canto \u00e1s vidrieiras, polo que parece est\u00e1nse a reparar. Polo momento, non sei m\u00e1is datos sobre o tema, dubidando sobre unha reparaci\u00f3n tan axustada de prezo como resultar\u00eda do pago do seguro.<\/p>\n<p>Como en ambos casos a informaci\u00f3n me chega de xeito oral, continuar\u00e1 &#8230;<\/p>\n","protected":false},"excerpt":{"rendered":"<p>Pouco a pouco van cheg\u00e1ndome m\u00e1is informaci\u00f3ns sobre o pleno do pasado d\u00eda 15. Unha, aclaraba que houbo unha cuesti\u00f3n de urxencia para -de novo- ordear que se puxera o nome de Dionisio Gamallo \u00f3 novo centro. Cabe lembrar a este respecto, que mentras a corporaci\u00f3n non se preocupou demasiado do parto do novo centro [&hellip;]<\/p>\n","protected":false},"author":3,"featured_media":0,"comment_status":"open","ping_status":"closed","sticky":false,"template":"","format":"standard","meta":{"activitypub_content_warning":"","activitypub_content_visibility":"","activitypub_max_image_attachments":3,"activitypub_interaction_policy_quote":"anyone","activitypub_status":"federated","footnotes":""},"categories":[1],"tags":[42],"class_list":["post-6989","post","type-post","status-publish","format-standard","hentry","category-sen-categoria","tag-plenos"],"_links":{"self":[{"href":"https:\/\/blogs.amarinha.gal\/ribadeando\/wp-json\/wp\/v2\/posts\/6989","targetHints":{"allow":["GET"]}}],"collection":[{"href":"https:\/\/blogs.amarinha.gal\/ribadeando\/wp-json\/wp\/v2\/posts"}],"about":[{"href":"https:\/\/blogs.amarinha.gal\/ribadeando\/wp-json\/wp\/v2\/types\/post"}],"author":[{"embeddable":true,"href":"https:\/\/blogs.amarinha.gal\/ribadeando\/wp-json\/wp\/v2\/users\/3"}],"replies":[{"embeddable":true,"href":"https:\/\/blogs.amarinha.gal\/ribadeando\/wp-json\/wp\/v2\/comments?post=6989"}],"version-history":[{"count":0,"href":"https:\/\/blogs.amarinha.gal\/ribadeando\/wp-json\/wp\/v2\/posts\/6989\/revisions"}],"wp:attachment":[{"href":"https:\/\/blogs.amarinha.gal\/ribadeando\/wp-json\/wp\/v2\/media?parent=6989"}],"wp:term":[{"taxonomy":"category","embeddable":true,"href":"https:\/\/blogs.amarinha.gal\/ribadeando\/wp-json\/wp\/v2\/categories?post=6989"},{"taxonomy":"post_tag","embeddable":true,"href":"https:\/\/blogs.amarinha.gal\/ribadeando\/wp-json\/wp\/v2\/tags?post=6989"}],"curies":[{"name":"wp","href":"https:\/\/api.w.org\/{rel}","templated":true}]}}