{"id":6988,"date":"2013-11-26T07:51:00","date_gmt":"2013-11-26T06:51:00","guid":{"rendered":""},"modified":"2024-11-12T14:15:02","modified_gmt":"2024-11-12T13:15:02","slug":"exponer-exponendo-exponense","status":"publish","type":"post","link":"https:\/\/blogs.amarinha.gal\/ribadeando\/2013\/11\/26\/exponer-exponendo-exponense\/","title":{"rendered":"Expo\u00f1er, expo\u00f1endo, exp\u00f3\u00f1ense, &#8230;"},"content":{"rendered":"<p>Unha semana. Iso \u00e9 o que dista o artigo anterior. O tema, non tanto: en parte \u00e9 o mesmo, as vidrieiras da capela do cemiterio.<\/p>\n<p>O caso \u00e9 que da entrada anterior a ista apareceu a nova nos xornais: as vidrieiras da capela do cemiterio estar\u00edan pr\u00f3ximas a ser dispostas de novo no seu lugar, segundo o alcalde.<\/p>\n<p><a href=\"https:\/\/blogger.googleusercontent.com\/img\/b\/R29vZ2xl\/AVvXsEg3TzaQvu-kEQV8f5PPJ02g572c7vZLM98xttErcJAWtFw2r30rU-CnSn4176TcfVF2Ftxmoqhs6IalJ6x4-iNx5x-ZfnZIwKOXg1wWEcESIeKIFh74Moj-FJ0Q0vuwoa1nYF7bBg\/s2048\/Vidrieira+do+cemiterio+peq.jpg\" onblur=\"try {parent.deselectBloggerImageGracefully();} catch(e) {}\"><img decoding=\"async\" alt=\"\" src=\"https:\/\/blogger.googleusercontent.com\/img\/b\/R29vZ2xl\/AVvXsEg3TzaQvu-kEQV8f5PPJ02g572c7vZLM98xttErcJAWtFw2r30rU-CnSn4176TcfVF2Ftxmoqhs6IalJ6x4-iNx5x-ZfnZIwKOXg1wWEcESIeKIFh74Moj-FJ0Q0vuwoa1nYF7bBg\/s2048\/Vidrieira+do+cemiterio+peq.jpg\" \/><\/a><\/p>\n<p>Ben, e digo eu, por que non aproveitar que a\u00ednda non o est\u00e1n para organizar unha exposici\u00f3n na que se podan apreciar m\u00e1is de preto, valorar as s\u00faas caracter\u00edsticas, e con elo un anaco da historia de Ribadeo? Expo\u00f1\u00e9ndoas poder\u00e1 polo menos sacarse algo positivo da historia do seu aniquilamento anterior. Unha historia, polo que parece, sen culpables, algo que soa xa a ista \u00e9poca na que vivimos.<\/p>\n<p>Non se expo\u00f1en os cargos electos \u00f3 facer unha exposici\u00f3n da vidrieiras. A\u00ed est\u00e1 o espazo do antigo Alginatos para &#8216;po\u00f1er en valor&#8217; as vidrieiras e &#8216;po\u00f1erse en valor&#8217; el mesmo con elas. Resaltar\u00eda o contraste do seu oco no cemiterio, e adem\u00e1is, ser\u00eda algo de aplaudir a boa xesti\u00f3n do concello nesa parte do tema (sobre culpabilidade, xa \u00e9 outra cousa) se est\u00e1n restauradas &#8216;como Deus manda&#8217;. Evidentemente, se non o est\u00e1n, sinxelamente, non deberan de colocarse no seu sitio ata que non o este\u00f1an.<\/p>\n","protected":false},"excerpt":{"rendered":"<p>Unha semana. Iso \u00e9 o que dista o artigo anterior. O tema, non tanto: en parte \u00e9 o mesmo, as vidrieiras da capela do cemiterio. O caso \u00e9 que da entrada anterior a ista apareceu a nova nos xornais: as vidrieiras da capela do cemiterio estar\u00edan pr\u00f3ximas a ser dispostas de novo no seu lugar, [&hellip;]<\/p>\n","protected":false},"author":3,"featured_media":0,"comment_status":"open","ping_status":"closed","sticky":false,"template":"","format":"standard","meta":{"activitypub_content_warning":"","activitypub_content_visibility":"","activitypub_max_image_attachments":3,"activitypub_interaction_policy_quote":"anyone","activitypub_status":"federated","footnotes":""},"categories":[1],"tags":[9],"class_list":["post-6988","post","type-post","status-publish","format-standard","hentry","category-sen-categoria","tag-sociedade"],"_links":{"self":[{"href":"https:\/\/blogs.amarinha.gal\/ribadeando\/wp-json\/wp\/v2\/posts\/6988","targetHints":{"allow":["GET"]}}],"collection":[{"href":"https:\/\/blogs.amarinha.gal\/ribadeando\/wp-json\/wp\/v2\/posts"}],"about":[{"href":"https:\/\/blogs.amarinha.gal\/ribadeando\/wp-json\/wp\/v2\/types\/post"}],"author":[{"embeddable":true,"href":"https:\/\/blogs.amarinha.gal\/ribadeando\/wp-json\/wp\/v2\/users\/3"}],"replies":[{"embeddable":true,"href":"https:\/\/blogs.amarinha.gal\/ribadeando\/wp-json\/wp\/v2\/comments?post=6988"}],"version-history":[{"count":0,"href":"https:\/\/blogs.amarinha.gal\/ribadeando\/wp-json\/wp\/v2\/posts\/6988\/revisions"}],"wp:attachment":[{"href":"https:\/\/blogs.amarinha.gal\/ribadeando\/wp-json\/wp\/v2\/media?parent=6988"}],"wp:term":[{"taxonomy":"category","embeddable":true,"href":"https:\/\/blogs.amarinha.gal\/ribadeando\/wp-json\/wp\/v2\/categories?post=6988"},{"taxonomy":"post_tag","embeddable":true,"href":"https:\/\/blogs.amarinha.gal\/ribadeando\/wp-json\/wp\/v2\/tags?post=6988"}],"curies":[{"name":"wp","href":"https:\/\/api.w.org\/{rel}","templated":true}]}}