{"id":6986,"date":"2013-11-27T07:55:00","date_gmt":"2013-11-27T06:55:00","guid":{"rendered":""},"modified":"2024-11-12T14:14:59","modified_gmt":"2024-11-12T13:14:59","slug":"un-nome-para-o-ies-de-ribadeo","status":"publish","type":"post","link":"https:\/\/blogs.amarinha.gal\/ribadeando\/2013\/11\/27\/un-nome-para-o-ies-de-ribadeo\/","title":{"rendered":"Un nome para o IES de Ribadeo"},"content":{"rendered":"<p>Pouco a pouco van trascendendo <a href=\"http:\/\/ribadeando.blogspot.com.es\/2012\/09\/curioso.html\">nomes<\/a> propostos para o case rec\u00e9n creado <a href=\"http:\/\/ribadeando.blogspot.com.es\/2012\/09\/de-agora-mesmo-3-de-setembro-ii.html\">IES de Ribadeo<\/a>. Abriuse o proceso hai un par de semanas, e ata o 30 estar\u00e1 aberta a posibilidade de facer propostas, que votar\u00e1 o Consello Escolar para logo propo\u00f1erllo \u00e1 Xunta, que ser\u00e1 quen llo po\u00f1a efectivamente (e que poder\u00eda dar a sorpresa de po\u00f1erlle outro diferente do porposto polo Consello)<\/p>\n<p>Ata agora, van trascendendo alg\u00fans nomes propostos para a votaci\u00f3n:<\/p>\n<p><em>IES r\u00eda de Ribadeo<\/em><\/p>\n<p><em>IES Dionisio Gamallo Fierros<\/em><\/p>\n<p><em>IES de Ribadeo<\/em><\/p>\n<p><em>IES Sonia Castedo<\/em><\/p>\n<p><em>IES de Ribadeo Dionisio Gamallo<\/em><\/p>\n<p>Nomes que poder\u00edan aumentar e posiblemente a estas horas te\u00f1an aumentado.<\/p>\n<p>Particularmente, gustar\u00edame que quedara IES de Ribadeo, \u00f3 fin, o nome actual, pero como non creo que pase por vez, propuxen IES r\u00eda de Ribadeo, un top\u00f3nimo que estimo que necesita axuda e dar\u00eda persoalidade \u00f3 centro educativo.<\/p>\n<p>En canto a IES Dionisio Gamallo Fierros, xa comentei en &#8216;<a href=\"http:\/\/ribadeando.blogspot.com.es\/2012\/09\/curioso.html\">Curioso<\/a>&#8216; do apoio institucional do concello a un nome que xa houbo e que poder\u00eda confundir dous centros diferentes.<\/p>\n<p>En canto a IES de Ribadeo Dionisio Gamallo, tenta conxugar un apoio pol\u00edtico coa realidade actual diferenciando as\u00ed o centro do anterior e extinto que foi o Carlos Mar\u00eda Rodr\u00edguez de Valc\u00e1rcel a maior\u00eda de tempo da s\u00faa existencia.<\/p>\n<p>IES Sonia Castedo, argumentado ou non (as propostas deben ir argumentadas) par\u00e9ceme unha mofa do proceso de po\u00f1erlle un nome de persoa, a\u00ednda que, tal como est\u00e1n os tempos &#8230;<\/p>\n<p>Como agora s\u00f3 poder\u00eda po\u00f1er os argumentos que empreguei eu, deixarei rematar o prazo para expo\u00f1elos, polo que, en breves datas, haber\u00e1 outro artigo sobre o tema.<\/p>\n<p>E ti, que opinas? Que nome te gostar\u00eda que tivera? Consideras que o nome ten trascendencia ou \u00e9s dos que opina que os dem\u00e1is poden tomar o control das palabras, \u00f3 estilo do &#8216;que inventen ellos&#8217;?<\/p>\n","protected":false},"excerpt":{"rendered":"<p>Pouco a pouco van trascendendo nomes propostos para o case rec\u00e9n creado IES de Ribadeo. Abriuse o proceso hai un par de semanas, e ata o 30 estar\u00e1 aberta a posibilidade de facer propostas, que votar\u00e1 o Consello Escolar para logo propo\u00f1erllo \u00e1 Xunta, que ser\u00e1 quen llo po\u00f1a efectivamente (e que poder\u00eda dar a [&hellip;]<\/p>\n","protected":false},"author":3,"featured_media":0,"comment_status":"open","ping_status":"closed","sticky":false,"template":"","format":"standard","meta":{"activitypub_content_warning":"","activitypub_content_visibility":"","activitypub_max_image_attachments":3,"activitypub_interaction_policy_quote":"anyone","activitypub_status":"federated","footnotes":""},"categories":[1],"tags":[9],"class_list":["post-6986","post","type-post","status-publish","format-standard","hentry","category-sen-categoria","tag-sociedade"],"_links":{"self":[{"href":"https:\/\/blogs.amarinha.gal\/ribadeando\/wp-json\/wp\/v2\/posts\/6986","targetHints":{"allow":["GET"]}}],"collection":[{"href":"https:\/\/blogs.amarinha.gal\/ribadeando\/wp-json\/wp\/v2\/posts"}],"about":[{"href":"https:\/\/blogs.amarinha.gal\/ribadeando\/wp-json\/wp\/v2\/types\/post"}],"author":[{"embeddable":true,"href":"https:\/\/blogs.amarinha.gal\/ribadeando\/wp-json\/wp\/v2\/users\/3"}],"replies":[{"embeddable":true,"href":"https:\/\/blogs.amarinha.gal\/ribadeando\/wp-json\/wp\/v2\/comments?post=6986"}],"version-history":[{"count":0,"href":"https:\/\/blogs.amarinha.gal\/ribadeando\/wp-json\/wp\/v2\/posts\/6986\/revisions"}],"wp:attachment":[{"href":"https:\/\/blogs.amarinha.gal\/ribadeando\/wp-json\/wp\/v2\/media?parent=6986"}],"wp:term":[{"taxonomy":"category","embeddable":true,"href":"https:\/\/blogs.amarinha.gal\/ribadeando\/wp-json\/wp\/v2\/categories?post=6986"},{"taxonomy":"post_tag","embeddable":true,"href":"https:\/\/blogs.amarinha.gal\/ribadeando\/wp-json\/wp\/v2\/tags?post=6986"}],"curies":[{"name":"wp","href":"https:\/\/api.w.org\/{rel}","templated":true}]}}