{"id":6973,"date":"2013-12-16T07:52:00","date_gmt":"2013-12-16T06:52:00","guid":{"rendered":""},"modified":"2024-11-12T14:14:33","modified_gmt":"2024-11-12T13:14:33","slug":"ilusion","status":"publish","type":"post","link":"https:\/\/blogs.amarinha.gal\/ribadeando\/2013\/12\/16\/ilusion\/","title":{"rendered":"Ilusi\u00f3n"},"content":{"rendered":"<p>Ach\u00e9ganse d\u00edas de ilusi\u00f3n. Para os maiores, a loter\u00eda do d\u00eda 22, co escepticismo de quen sabe que polo momento, para poder ter opci\u00f3n a un premio, xa tivo que desembolsar cartos, e, por termo medio, t\u00f3calle perder. Para os pequenos, a ilusi\u00f3n da maxia dos agasallos dun poder imaxinario, de magos, o poder real.<\/p>\n<p>En calquera caso, a ilusi\u00f3n fai funcionar mellor \u00e1 persoa.<\/p>\n<p>E por que non aproveitala?<\/p>\n<p>Coido que hai estratexias psicol\u00f3xicas para beneficiar a persoas en trances dif\u00edciles que fan uso desa ilusi\u00f3n. E para a sociedade? Para unha sociedade en concreto?<\/p>\n<p>Hai intentos nese sentido, como o de dicir que &#8216;Espa\u00f1a vai ben&#8217; en troques de &#8216;hai a quen lle vai ben con esta Espa\u00f1a&#8217;, pero non me refer\u00eda a enga\u00f1ifas diversas, sen\u00f3n a ter un proxecto ilusionante.<\/p>\n<p>Ribadeo tivo un proxecto ilusionante -de feito, a\u00ednda non deixou de telo-, a construci\u00f3n dunha residencia, que permitiu unha aglutinaci\u00f3n de vontades coido que moi beneficiosa para o pobo. Quiz\u00e1is desa \u00e9poca en trance de pasar deberamos aprender a plantexar outro reto que beneficiara \u00e1 sociedade ribadense. Non s\u00f3 na s\u00faa consecuci\u00f3n, sen\u00f3n polo mero feito de tentalo.<\/p>\n<p>Por a\u00ed en parte \u00eda aquela proposta xa vella de &#8216;<a href=\"http:\/\/ribadeando.blogspot.com.es\/2006\/09\/o-ribadeo-que-queremos-do-antigo-blog.html\">o Ribadeo que queremos<\/a>&#8216;, na procura dunha planificaci\u00f3n que aglutinase os esforzos de Ribadeo. Demostrado queda que non \u00e9 necesario chegar a tanto, e que adem\u00e1is, \u00e9 m\u00e1is posible e probable facelo con ideas soltas. A \u00faltima, a da residencia, naceu de d\u00faa persoas que se puxeron en contacto con Jos\u00e9 M\u00aa Rodr\u00edguez, quen se encargou de impulsar a idea. Sup\u00f3nse -quiz\u00e1is sexa que o supuxen eu nalg\u00fan momento- que os pol\u00edticos deberan ser unha fonte de ideas deste estilo. Tomar\u00e1n eles o relevo? Que idea se te ocorre a ti e quen a poder\u00eda impulsar?<\/p>\n","protected":false},"excerpt":{"rendered":"<p>Ach\u00e9ganse d\u00edas de ilusi\u00f3n. Para os maiores, a loter\u00eda do d\u00eda 22, co escepticismo de quen sabe que polo momento, para poder ter opci\u00f3n a un premio, xa tivo que desembolsar cartos, e, por termo medio, t\u00f3calle perder. Para os pequenos, a ilusi\u00f3n da maxia dos agasallos dun poder imaxinario, de magos, o poder real. [&hellip;]<\/p>\n","protected":false},"author":3,"featured_media":0,"comment_status":"open","ping_status":"closed","sticky":false,"template":"","format":"standard","meta":{"activitypub_content_warning":"","activitypub_content_visibility":"","activitypub_max_image_attachments":3,"activitypub_interaction_policy_quote":"anyone","activitypub_status":"federated","footnotes":""},"categories":[1],"tags":[32,9],"class_list":["post-6973","post","type-post","status-publish","format-standard","hentry","category-sen-categoria","tag-filosofia","tag-sociedade"],"_links":{"self":[{"href":"https:\/\/blogs.amarinha.gal\/ribadeando\/wp-json\/wp\/v2\/posts\/6973","targetHints":{"allow":["GET"]}}],"collection":[{"href":"https:\/\/blogs.amarinha.gal\/ribadeando\/wp-json\/wp\/v2\/posts"}],"about":[{"href":"https:\/\/blogs.amarinha.gal\/ribadeando\/wp-json\/wp\/v2\/types\/post"}],"author":[{"embeddable":true,"href":"https:\/\/blogs.amarinha.gal\/ribadeando\/wp-json\/wp\/v2\/users\/3"}],"replies":[{"embeddable":true,"href":"https:\/\/blogs.amarinha.gal\/ribadeando\/wp-json\/wp\/v2\/comments?post=6973"}],"version-history":[{"count":0,"href":"https:\/\/blogs.amarinha.gal\/ribadeando\/wp-json\/wp\/v2\/posts\/6973\/revisions"}],"wp:attachment":[{"href":"https:\/\/blogs.amarinha.gal\/ribadeando\/wp-json\/wp\/v2\/media?parent=6973"}],"wp:term":[{"taxonomy":"category","embeddable":true,"href":"https:\/\/blogs.amarinha.gal\/ribadeando\/wp-json\/wp\/v2\/categories?post=6973"},{"taxonomy":"post_tag","embeddable":true,"href":"https:\/\/blogs.amarinha.gal\/ribadeando\/wp-json\/wp\/v2\/tags?post=6973"}],"curies":[{"name":"wp","href":"https:\/\/api.w.org\/{rel}","templated":true}]}}