{"id":6972,"date":"2013-12-17T08:06:00","date_gmt":"2013-12-17T07:06:00","guid":{"rendered":""},"modified":"2024-11-12T14:14:32","modified_gmt":"2024-11-12T13:14:32","slug":"cantidades","status":"publish","type":"post","link":"https:\/\/blogs.amarinha.gal\/ribadeando\/2013\/12\/17\/cantidades\/","title":{"rendered":"Cantidade: un cambio de Ribadeo co mundo"},"content":{"rendered":"<p>Onte foi aberto o \u00faltimo tramo de autov\u00eda que quedaba sen abrir entre Ribadeo e o centro de Asturias. Segundo que nos fiemos dunha fonte ou outra, o recorrido anterior a onte, 137 ou 138 km a Oviedo, cun tempo estimado de 1h 27 minutos segundo Google Maps, 1h 45 minutos segundo v\u00eda Michelin, por exemplo (rec\u00e9n consultados hoxe mesmo), vai quedar reducido en 10 minutos segundo os xornais, a\u00ednda que entendo que o tempo, de media, andar\u00e1 rondando unha cifra algo menor. \u00c9 dicir, \u00e1 capital asturiana, centro comercial e pol\u00edtico do Principado, o tempo estimado de viaxe quedar\u00e1 en pouqui\u00f1o m\u00e1is de hora e cuarto.<\/p>\n<p>En Relaci\u00f3n \u00e1 Coru\u00f1a, 1h 37 minutos, segundo Google Maps, 2h 4 minutos segundo V\u00eda Michel\u00edn, con peaxe en ambos casos, e capital comparable co comercial a Oviedo, pero non no pol\u00edtico, quedar\u00e1 a\u00ednda un bo tempo nesa cantidade de tempo, isto \u00e9, uns vinte minutos m\u00e1is que \u00e1 capital asturiana.<\/p>\n<p>Xa hai tempo que, observando un mapa de extensi\u00f3n de xonas comerciais, Ribadeo quedaba inclu\u00eddo en Asturias, dependendo de Oviedo como capital comercial. A apertura do trazado realizada onte non fai m\u00e1is que facilitar este predominio.<\/p>\n<p>Naturalmente, noutros aspectos, a consolidaci\u00f3n da autov\u00eda imploica cousas diferentes. Por exemplo, a facilidade de extensi\u00f3n ata o Pa\u00eds Vasco da xente que posee unha segunda residencia en Ribadeo; isa comunidade xa ti\u00f1a presencia ata agora na compra de vivendas e \u00e9 de esperar que algo aumente. Ou na comparaci\u00f3n de transporte por estrada vs por ferrocarril, na que xa era de avantaxe neta o coche e relativa no caso do autob\u00fas. E as\u00ed sucesivamente.<\/p>\n<p>A\u00ednda hai outros aspectos, como as obras p\u00fablicas, os viadutos inmensos, obras de enxe\u00f1ar\u00eda punteira ou os desmontes realizados, que fan chorar polas feridas da Terra &#8230; e que quiz\u00e1is vai ser o efecto m\u00e1is perdurable da obra.<\/p>\n<p>Agora, temos que afacernos a un cambio nas relaci\u00f3ns. Quiz\u00e1is pequeno, pero cambio producido por n\u00f3s, que nos achega \u00f3s nosos vici\u00f1os, bidireccional, &#8230; e que como calquera cambio, vai significar cousas diferentes para cada persoa.<\/p>\n","protected":false},"excerpt":{"rendered":"<p>Onte foi aberto o \u00faltimo tramo de autov\u00eda que quedaba sen abrir entre Ribadeo e o centro de Asturias. Segundo que nos fiemos dunha fonte ou outra, o recorrido anterior a onte, 137 ou 138 km a Oviedo, cun tempo estimado de 1h 27 minutos segundo Google Maps, 1h 45 minutos segundo v\u00eda Michelin, por [&hellip;]<\/p>\n","protected":false},"author":3,"featured_media":0,"comment_status":"open","ping_status":"closed","sticky":false,"template":"","format":"standard","meta":{"activitypub_content_warning":"","activitypub_content_visibility":"","activitypub_max_image_attachments":3,"activitypub_interaction_policy_quote":"anyone","activitypub_status":"federated","footnotes":""},"categories":[1],"tags":[9],"class_list":["post-6972","post","type-post","status-publish","format-standard","hentry","category-sen-categoria","tag-sociedade"],"_links":{"self":[{"href":"https:\/\/blogs.amarinha.gal\/ribadeando\/wp-json\/wp\/v2\/posts\/6972","targetHints":{"allow":["GET"]}}],"collection":[{"href":"https:\/\/blogs.amarinha.gal\/ribadeando\/wp-json\/wp\/v2\/posts"}],"about":[{"href":"https:\/\/blogs.amarinha.gal\/ribadeando\/wp-json\/wp\/v2\/types\/post"}],"author":[{"embeddable":true,"href":"https:\/\/blogs.amarinha.gal\/ribadeando\/wp-json\/wp\/v2\/users\/3"}],"replies":[{"embeddable":true,"href":"https:\/\/blogs.amarinha.gal\/ribadeando\/wp-json\/wp\/v2\/comments?post=6972"}],"version-history":[{"count":0,"href":"https:\/\/blogs.amarinha.gal\/ribadeando\/wp-json\/wp\/v2\/posts\/6972\/revisions"}],"wp:attachment":[{"href":"https:\/\/blogs.amarinha.gal\/ribadeando\/wp-json\/wp\/v2\/media?parent=6972"}],"wp:term":[{"taxonomy":"category","embeddable":true,"href":"https:\/\/blogs.amarinha.gal\/ribadeando\/wp-json\/wp\/v2\/categories?post=6972"},{"taxonomy":"post_tag","embeddable":true,"href":"https:\/\/blogs.amarinha.gal\/ribadeando\/wp-json\/wp\/v2\/tags?post=6972"}],"curies":[{"name":"wp","href":"https:\/\/api.w.org\/{rel}","templated":true}]}}