{"id":6949,"date":"2014-01-18T09:36:00","date_gmt":"2014-01-18T08:36:00","guid":{"rendered":""},"modified":"2024-11-12T14:13:51","modified_gmt":"2024-11-12T13:13:51","slug":"morreron-asi-de-sinxelo","status":"publish","type":"post","link":"https:\/\/blogs.amarinha.gal\/ribadeando\/2014\/01\/18\/morreron-asi-de-sinxelo\/","title":{"rendered":"Morreron. As\u00ed de sinxelo"},"content":{"rendered":"<p>Morreron. As\u00ed de sinxelo, \u00e9 a expresi\u00f3n de algo natural, por moito que cause dor, tanto a quen se vai como \u00f3s pr\u00f3ximos que se quedan.<\/p>\n<p>Esta semana tivemos preto un caso diferente: Matounas. Tam\u00e9n as\u00ed de sinxelo. Pero non \u00e9 a expresi\u00f3n de algo que nos pareza natural, por moito que se leven repetido feitos semellantes. Indo un pouco m\u00e1is al\u00f3, collendo as verbas do asasino, di algo como que as matou porque as quer\u00eda. Porque as quer\u00eda e non quer\u00eda velas sofrer. Matanza preventiva de propios sentementos. E os sentementos delas? Non ser\u00eda m\u00e1is propio, se non quer\u00eda velas sofrer, que se quitara el do medio?<\/p>\n<p>Drama de fondo, si, parece. Desculpa, non, en ning\u00fan caso. El segue vivo e pode que alg\u00fan d\u00eda se arrepinta. Elas non van a poder ter un tempo futuro para &#8230; para o que sexa, desfrutar e sofrer, exercer a propia vontade, ser persoas. Nai e filla, pr\u00f3ximas \u00f3 asasino, asasinadas s\u00f3 polo feito de estaren pr\u00f3ximas e poder facelo.<\/p>\n","protected":false},"excerpt":{"rendered":"<p>Morreron. As\u00ed de sinxelo, \u00e9 a expresi\u00f3n de algo natural, por moito que cause dor, tanto a quen se vai como \u00f3s pr\u00f3ximos que se quedan. Esta semana tivemos preto un caso diferente: Matounas. Tam\u00e9n as\u00ed de sinxelo. Pero non \u00e9 a expresi\u00f3n de algo que nos pareza natural, por moito que se leven repetido [&hellip;]<\/p>\n","protected":false},"author":3,"featured_media":0,"comment_status":"open","ping_status":"closed","sticky":false,"template":"","format":"standard","meta":{"activitypub_content_warning":"","activitypub_content_visibility":"","activitypub_max_image_attachments":3,"activitypub_interaction_policy_quote":"anyone","activitypub_status":"federate","footnotes":""},"categories":[1],"tags":[9],"class_list":["post-6949","post","type-post","status-publish","format-standard","hentry","category-sen-categoria","tag-sociedade"],"_links":{"self":[{"href":"https:\/\/blogs.amarinha.gal\/ribadeando\/wp-json\/wp\/v2\/posts\/6949","targetHints":{"allow":["GET"]}}],"collection":[{"href":"https:\/\/blogs.amarinha.gal\/ribadeando\/wp-json\/wp\/v2\/posts"}],"about":[{"href":"https:\/\/blogs.amarinha.gal\/ribadeando\/wp-json\/wp\/v2\/types\/post"}],"author":[{"embeddable":true,"href":"https:\/\/blogs.amarinha.gal\/ribadeando\/wp-json\/wp\/v2\/users\/3"}],"replies":[{"embeddable":true,"href":"https:\/\/blogs.amarinha.gal\/ribadeando\/wp-json\/wp\/v2\/comments?post=6949"}],"version-history":[{"count":0,"href":"https:\/\/blogs.amarinha.gal\/ribadeando\/wp-json\/wp\/v2\/posts\/6949\/revisions"}],"wp:attachment":[{"href":"https:\/\/blogs.amarinha.gal\/ribadeando\/wp-json\/wp\/v2\/media?parent=6949"}],"wp:term":[{"taxonomy":"category","embeddable":true,"href":"https:\/\/blogs.amarinha.gal\/ribadeando\/wp-json\/wp\/v2\/categories?post=6949"},{"taxonomy":"post_tag","embeddable":true,"href":"https:\/\/blogs.amarinha.gal\/ribadeando\/wp-json\/wp\/v2\/tags?post=6949"}],"curies":[{"name":"wp","href":"https:\/\/api.w.org\/{rel}","templated":true}]}}