{"id":6942,"date":"2014-01-29T08:03:00","date_gmt":"2014-01-29T07:03:00","guid":{"rendered":""},"modified":"2024-11-12T14:13:39","modified_gmt":"2024-11-12T13:13:39","slug":"a-nova-e-que-chove","status":"publish","type":"post","link":"https:\/\/blogs.amarinha.gal\/ribadeando\/2014\/01\/29\/a-nova-e-que-chove\/","title":{"rendered":"A nova \u00e9 que chove?"},"content":{"rendered":"<p>Si, chove a c\u00e1ntaros. Estamos no tempo. Un percebeiro furtivo foi \u00f3 mar e o mar levouno. As ondas son bonitas e perigosas. Vai fr\u00edo. Estamos no inverno. \u00c9 natural. Pero, falar do tempo? Non hai outras cousas? Xa se solucionou a Sanidade e artellou unha mellor educaci\u00f3n? Os corruptos foron xulgados e condenados? Deixou de haber latrocinio nas altas esferas da pol\u00edtica? Xa non hai m\u00e1is &#8216;porta xiratoria&#8217; entre pol\u00edtica e empresa? Ten todo o mundo que comer? Remataron as subvenci\u00f3ns de cr\u00e9dito p\u00fablico barato e axudas \u00f3s bancos, devoltas con cr\u00e9dito inexistente e desahucios? Deixou de haber cortinas de fume diversas para evitar de que nos enteremos do que pasa? O control dos medios de comunicaci\u00f3n corresponde \u00e1 nova e non \u00e1 propiedade? Hai transparencia na administaci\u00f3n? E participaci\u00f3n cidad\u00e1?<\/p>\n<p>Folga facer m\u00e1is preguntas. A resposta e clara: non. E, en troques, nestes d\u00edas as tormentas est\u00e1n nas novas. Claro, tam\u00e9n se evita falar de que \u00e9 o tempo, ou mesmo a posible relaci\u00f3n de cambio clim\u00e1tico e o tempo actual. Non, non se trata de formar, nin de informar. Tr\u00e1tase de encher o tempo da xente. Do &#8216;panem et circenses&#8217; que evite que a xente pense e act\u00fae. Que pense como xente de pensamento. Que act\u00fae como persoas de acci\u00f3n. Que sexamos humanos m\u00e1is que asemellados a ovellas rutinarias.<\/p>\n<p>Xa non me queda tempo para Ribadeo. \u00d3 fin, Ribadeo \u00e9 un lugar pequeno, conectado \u00f3 seu entorno, e cada vez m\u00e1is parello a el. E poder\u00e1n darse novas particulares, pero o que vai por debaixo \u00e9 a corrente xeral, por moito que se consideren particularidades.<\/p>\n<p>Si, voltarei por Ribadeo. En cousa de minutos, pisarei as s\u00faas r\u00faas e saberei que as particularidades son importantes. Cando se sabe que son iso, particularidades: pensa globalmente, act\u00faa localmente.<\/p>\n","protected":false},"excerpt":{"rendered":"<p>Si, chove a c\u00e1ntaros. Estamos no tempo. Un percebeiro furtivo foi \u00f3 mar e o mar levouno. As ondas son bonitas e perigosas. Vai fr\u00edo. Estamos no inverno. \u00c9 natural. Pero, falar do tempo? Non hai outras cousas? Xa se solucionou a Sanidade e artellou unha mellor educaci\u00f3n? Os corruptos foron xulgados e condenados? Deixou [&hellip;]<\/p>\n","protected":false},"author":3,"featured_media":0,"comment_status":"open","ping_status":"closed","sticky":false,"template":"","format":"standard","meta":{"activitypub_content_warning":"","activitypub_content_visibility":"","activitypub_max_image_attachments":3,"activitypub_interaction_policy_quote":"anyone","activitypub_status":"federate","footnotes":""},"categories":[1],"tags":[32],"class_list":["post-6942","post","type-post","status-publish","format-standard","hentry","category-sen-categoria","tag-filosofia"],"_links":{"self":[{"href":"https:\/\/blogs.amarinha.gal\/ribadeando\/wp-json\/wp\/v2\/posts\/6942","targetHints":{"allow":["GET"]}}],"collection":[{"href":"https:\/\/blogs.amarinha.gal\/ribadeando\/wp-json\/wp\/v2\/posts"}],"about":[{"href":"https:\/\/blogs.amarinha.gal\/ribadeando\/wp-json\/wp\/v2\/types\/post"}],"author":[{"embeddable":true,"href":"https:\/\/blogs.amarinha.gal\/ribadeando\/wp-json\/wp\/v2\/users\/3"}],"replies":[{"embeddable":true,"href":"https:\/\/blogs.amarinha.gal\/ribadeando\/wp-json\/wp\/v2\/comments?post=6942"}],"version-history":[{"count":0,"href":"https:\/\/blogs.amarinha.gal\/ribadeando\/wp-json\/wp\/v2\/posts\/6942\/revisions"}],"wp:attachment":[{"href":"https:\/\/blogs.amarinha.gal\/ribadeando\/wp-json\/wp\/v2\/media?parent=6942"}],"wp:term":[{"taxonomy":"category","embeddable":true,"href":"https:\/\/blogs.amarinha.gal\/ribadeando\/wp-json\/wp\/v2\/categories?post=6942"},{"taxonomy":"post_tag","embeddable":true,"href":"https:\/\/blogs.amarinha.gal\/ribadeando\/wp-json\/wp\/v2\/tags?post=6942"}],"curies":[{"name":"wp","href":"https:\/\/api.w.org\/{rel}","templated":true}]}}