{"id":6937,"date":"2014-02-06T08:28:00","date_gmt":"2014-02-06T07:28:00","guid":{"rendered":""},"modified":"2024-11-12T14:13:26","modified_gmt":"2024-11-12T13:13:26","slug":"micromachismos","status":"publish","type":"post","link":"https:\/\/blogs.amarinha.gal\/ribadeando\/2014\/02\/06\/micromachismos\/","title":{"rendered":"Micromachismos"},"content":{"rendered":"<p>Chamoume a atenci\u00f3n. Entrei, vin, e ten boa pinta. Ch\u00e1mase <a href=\"http:\/\/www.eldiario.es\/micromachismos\/Micromachismos_6_225437474.html\">micromachismos<\/a>. Curiosidades do machismo que parecen s\u00f3 iso, curiosidades, sendo sinxelamente unha expresi\u00f3n de machismo.<\/p>\n<p>Non, non tomo partido de antem\u00e1n de o\u00eddas. Como home, \u00e1s veces tento po\u00f1erme no lugar dunha muller para comprender. E coido que, co tempo, vou fac\u00e9ndoo mellor, fix\u00e1ndome en m\u00e1is detalles. E polo tanto, v\u00e9ndome a min mesmo actuando a partir doutro contexto, &#8216;con outros ollos&#8217;.<\/p>\n<p>Non digo que o logre totalmente, non: \u00f3 fin, son home, vivindo nas circunstancias de home e asumindo o rol que te\u00f1o integrado en min. Pero tentar ver o mundo cos ollos dos dem\u00e1is \u00e9 algo que deberamos facer a propio intento moitas veces \u00f3 d\u00eda: cultivar a <a href=\"https:\/\/gl.wikipedia.org\/wiki\/Empat%C3%ADa\">empat\u00eda<\/a>. No contexto que comecei o artigo, a empat\u00eda entre sexos. Algo que&#8230; est\u00e1 retrocedendo? O seu retroceso par\u00e9cme evidente, pero que xulgue cada quen que poda ter unha perspectiva dende, digamos, hai 30 ou 40 anos. E logo, que tente ver os por que.<\/p>\n<p>Micromachismos, machismos pequenos incrustados. Non, non se trata de seguir un feminismo sen empat\u00eda. Tr\u00e1tase de vivir como humanos, coas nosas diferenzas e igualdades asumidas, non coas diferenzas como armas para negar as igualdades.<\/p>\n","protected":false},"excerpt":{"rendered":"<p>Chamoume a atenci\u00f3n. Entrei, vin, e ten boa pinta. Ch\u00e1mase micromachismos. Curiosidades do machismo que parecen s\u00f3 iso, curiosidades, sendo sinxelamente unha expresi\u00f3n de machismo. Non, non tomo partido de antem\u00e1n de o\u00eddas. Como home, \u00e1s veces tento po\u00f1erme no lugar dunha muller para comprender. E coido que, co tempo, vou fac\u00e9ndoo mellor, fix\u00e1ndome en [&hellip;]<\/p>\n","protected":false},"author":3,"featured_media":0,"comment_status":"open","ping_status":"closed","sticky":false,"template":"","format":"standard","meta":{"activitypub_content_warning":"","activitypub_content_visibility":"","activitypub_max_image_attachments":3,"activitypub_interaction_policy_quote":"anyone","activitypub_status":"federated","footnotes":""},"categories":[1],"tags":[32,9],"class_list":["post-6937","post","type-post","status-publish","format-standard","hentry","category-sen-categoria","tag-filosofia","tag-sociedade"],"_links":{"self":[{"href":"https:\/\/blogs.amarinha.gal\/ribadeando\/wp-json\/wp\/v2\/posts\/6937","targetHints":{"allow":["GET"]}}],"collection":[{"href":"https:\/\/blogs.amarinha.gal\/ribadeando\/wp-json\/wp\/v2\/posts"}],"about":[{"href":"https:\/\/blogs.amarinha.gal\/ribadeando\/wp-json\/wp\/v2\/types\/post"}],"author":[{"embeddable":true,"href":"https:\/\/blogs.amarinha.gal\/ribadeando\/wp-json\/wp\/v2\/users\/3"}],"replies":[{"embeddable":true,"href":"https:\/\/blogs.amarinha.gal\/ribadeando\/wp-json\/wp\/v2\/comments?post=6937"}],"version-history":[{"count":0,"href":"https:\/\/blogs.amarinha.gal\/ribadeando\/wp-json\/wp\/v2\/posts\/6937\/revisions"}],"wp:attachment":[{"href":"https:\/\/blogs.amarinha.gal\/ribadeando\/wp-json\/wp\/v2\/media?parent=6937"}],"wp:term":[{"taxonomy":"category","embeddable":true,"href":"https:\/\/blogs.amarinha.gal\/ribadeando\/wp-json\/wp\/v2\/categories?post=6937"},{"taxonomy":"post_tag","embeddable":true,"href":"https:\/\/blogs.amarinha.gal\/ribadeando\/wp-json\/wp\/v2\/tags?post=6937"}],"curies":[{"name":"wp","href":"https:\/\/api.w.org\/{rel}","templated":true}]}}