{"id":6917,"date":"2014-03-01T14:53:00","date_gmt":"2014-03-01T13:53:00","guid":{"rendered":""},"modified":"2024-11-12T14:12:46","modified_gmt":"2024-11-12T13:12:46","slug":"tecnico-de-medio-ambiente-varios","status":"publish","type":"post","link":"https:\/\/blogs.amarinha.gal\/ribadeando\/2014\/03\/01\/tecnico-de-medio-ambiente-varios\/","title":{"rendered":"T\u00e9cnico de Medio Ambiente. Varios gr\u00e1ficos e un posto."},"content":{"rendered":"<p>A ra\u00edz do comentario na rede sobre a resoluci\u00f3n (do apartado de test) da convocatoria para unha praza de T\u00e9cnico de Medio Ambiente do Concello de Ribadeo, paseime pola <a href=\"http:\/\/ribadeo.org\/eadministracion\/convocatoria.php?id=120&amp;lg=gal\">p\u00e1xina da web do concello onde hai diversos documentos relacionados<\/a> (con ficheiros descargables e descargados) e atopei as <a href=\"http:\/\/ribadeo.org\/imxd\/procedementos\/doc\/1393592202pdf610.pdf\">actas &#8220;DE SELECCI\u00d3N DE PERSOAL LABORAL CONTRATADO TEMPORAL<\/a>&#8221; correspondentes \u00f3 &#8220;Posto de traballo: T\u00e9cnico Medio Ambiente&#8221;, realizadas polo Tribunal avaliador, persoal prestando servicio na actualidade no concello.<\/p>\n<p>Cos datos correspondentes, e sen critirar m\u00e1is das condici\u00f3ns ou o programa de exame, realicei unha nova t\u00e1boa acompa\u00f1ada dunha gr\u00e1fica e tres outras gr\u00e1ficas coa mesma t\u00e1boa do documento (unha delas, en dous formatos).<\/p>\n<p>Comezo con visualizar a relaci\u00f3n entre acertos e puntuaci\u00f3n, segundo a <a href=\"http:\/\/ribadeo.org\/imxd\/procedementos\/doc\/1392195898pdf581.pdf\">convocatoria<\/a>. <\/p>\n<p><a href=\"https:\/\/blogger.googleusercontent.com\/img\/b\/R29vZ2xl\/AVvXsEiuoTHgpjjHc5dVCBxEztnSRDjec4OEuoHBuaVJ2R5IEiUSS8INJQk54___GusqgXvUOjkxNUBP6srAE6jMgCCNnbN8Owdnf20u1lnUevjiwjlHJowKD9S8u4PxdHy7n8gTOZSIZQ\/s2048\/TMA_.jpg\" imageanchor=\"1\" style=\"margin-left: 1em; margin-right: 1em;\"><img loading=\"lazy\" decoding=\"async\" src=\"https:\/\/blogger.googleusercontent.com\/img\/b\/R29vZ2xl\/AVvXsEiuoTHgpjjHc5dVCBxEztnSRDjec4OEuoHBuaVJ2R5IEiUSS8INJQk54___GusqgXvUOjkxNUBP6srAE6jMgCCNnbN8Owdnf20u1lnUevjiwjlHJowKD9S8u4PxdHy7n8gTOZSIZQ\/s2048\/TMA_.jpg\" height=\"308\" width=\"640\" \/><\/a><\/p>\n<p>Nela v\u00e9se que o sistema non \u00e9 exactamente linear.<\/p>\n<p>A t\u00e1boa relaciona a puntuaci\u00f3n e o n\u00famero de persoas (todas licenciadas universitarias, segundo as bases da convocatoria) que a obtiveron.<\/p>\n<p><a href=\"https:\/\/blogger.googleusercontent.com\/img\/b\/R29vZ2xl\/AVvXsEhSKrp49RQFWXbNyQR99Nkd0STwhJPy3xzlQ4C234_ARz22cyFyAHOFvMB6yC5NcBXLvL0Gf4mymejRybNrYjPDyyJgXiLE0kjeNoTesDIqDNFfmGbSXNdmAIyh3_h8lyGDkZ0Reg\/s2048\/TMA0.jpg\" imageanchor=\"1\" style=\"margin-left: 1em; margin-right: 1em;\"><img loading=\"lazy\" decoding=\"async\" src=\"https:\/\/blogger.googleusercontent.com\/img\/b\/R29vZ2xl\/AVvXsEhSKrp49RQFWXbNyQR99Nkd0STwhJPy3xzlQ4C234_ARz22cyFyAHOFvMB6yC5NcBXLvL0Gf4mymejRybNrYjPDyyJgXiLE0kjeNoTesDIqDNFfmGbSXNdmAIyh3_h8lyGDkZ0Reg\/s2048\/TMA0.jpg\" height=\"308\" width=\"640\" \/><\/a><\/p>\n<p>O primeiro que me chama a atenci\u00f3n \u00e9 o n\u00famero de persoas que non obte\u00f1en m\u00e1is que un 0. A segunda, a distancia en puntuaci\u00f3n entre a primeira e a segunda persoa puntuadas.<\/p>\n<p>Collendo os datos da t\u00e1boa de puntuaci\u00f3ns que aparece no pdf na p\u00e1xina do concello:<\/p>\n<p><a href=\"https:\/\/blogger.googleusercontent.com\/img\/b\/R29vZ2xl\/AVvXsEiGedmjq5U8HRkYG9fUaMLVwUlYSm1V4u54eXkO3XT7BzWmv9VxkEDfMGQpv1cwYxDVVJmf1N_PpnQeMeStHhRO1hD1o9-o_5VNX2DPYAqcA3qoD3lIB5j7A1Bom9xw0P9eD7KP-Q\/s2048\/TMA1.jpg\" imageanchor=\"1\" style=\"margin-left: 1em; margin-right: 1em;\"><img loading=\"lazy\" decoding=\"async\" src=\"https:\/\/blogger.googleusercontent.com\/img\/b\/R29vZ2xl\/AVvXsEiGedmjq5U8HRkYG9fUaMLVwUlYSm1V4u54eXkO3XT7BzWmv9VxkEDfMGQpv1cwYxDVVJmf1N_PpnQeMeStHhRO1hD1o9-o_5VNX2DPYAqcA3qoD3lIB5j7A1Bom9xw0P9eD7KP-Q\/s2048\/TMA1.jpg\" height=\"332\" width=\"640\" \/><\/a><\/p>\n<p>\u00c9 unha representaci\u00f3n da relaci\u00f3n entre acertos e puntuaci\u00f3n. Asumo que hai un erro, dunha persoa que se lle asignou 0 con 6 acertos, mentras a outras 4, co mesmo n\u00famero de acertos, te\u00f1en un 1. Aparte do erro anterior, entre esta e a seguinte gr\u00e1fica (en realidade, a mesma con outro formato) segue quedando clara a diferenza de puntuaci\u00f3n.<\/p>\n<p><a href=\"https:\/\/blogger.googleusercontent.com\/img\/b\/R29vZ2xl\/AVvXsEgERdLZVEL1DssZxIV5F9Ddybei70a28YqjRrWfiv5antA9vGYo4HAuyiUHIyHtrFrOgbwLhs8lR2eSmAJNFitnOOMVPrKtJOILUFb0hmEtu5vidbk-9uPG0wiZn0ZFEkHrgJRflw\/s2048\/TMA4.jpg\" imageanchor=\"1\" style=\"margin-left: 1em; margin-right: 1em;\"><img loading=\"lazy\" decoding=\"async\" src=\"https:\/\/blogger.googleusercontent.com\/img\/b\/R29vZ2xl\/AVvXsEgERdLZVEL1DssZxIV5F9Ddybei70a28YqjRrWfiv5antA9vGYo4HAuyiUHIyHtrFrOgbwLhs8lR2eSmAJNFitnOOMVPrKtJOILUFb0hmEtu5vidbk-9uPG0wiZn0ZFEkHrgJRflw\/s2048\/TMA4.jpg\" height=\"354\" width=\"640\" \/><\/a><\/p>\n<p>Collendo os mesmo datos doutro xeito, temos a puntuaci\u00f3n ordeada, \u00e9 dicir, os 22 primeiros ordeados por puntuaci\u00f3n obtiveron un cero, entre o 23 e 26 (4 persoas), un 1, e as\u00ed sucesivamente:<\/p>\n<p><a href=\"https:\/\/blogger.googleusercontent.com\/img\/b\/R29vZ2xl\/AVvXsEhSsfwgokeUXFI0lDcZMYUevYR33iGYwBJvTNl6P7COPoGO00gMr49fs8CGsH2t6aMK_QdBSOeLVEGAO_bICW5o3Iq2Y5-FqpXdsnQfgoan31oRxDS7eEdlclG87ByaJoYXppnBHw\/s2048\/TMA2.jpg\" imageanchor=\"1\" style=\"margin-left: 1em; margin-right: 1em;\"><img loading=\"lazy\" decoding=\"async\" src=\"https:\/\/blogger.googleusercontent.com\/img\/b\/R29vZ2xl\/AVvXsEhSsfwgokeUXFI0lDcZMYUevYR33iGYwBJvTNl6P7COPoGO00gMr49fs8CGsH2t6aMK_QdBSOeLVEGAO_bICW5o3Iq2Y5-FqpXdsnQfgoan31oRxDS7eEdlclG87ByaJoYXppnBHw\/s2048\/TMA2.jpg\" height=\"320\" width=\"640\" \/><\/a><\/p>\n<p>A anterior gr\u00e1fica hai que contrastala coa de acertos, onde o perfil \u00e9 abondo diferente:<\/p>\n<p><a href=\"https:\/\/blogger.googleusercontent.com\/img\/b\/R29vZ2xl\/AVvXsEgKYCzrA43FPKSuIjQjOjf1Zi0TYGGPj2dsbsYh0BZGxclGzP6A9g9Jv9tjvhoRrpKYN2FeNS2TKLspN8PgunkGR_fkwx4ltahpt2706aRTdJ0pvAAY0Q_qHxZ81uslkdQhGVwpdA\/s2048\/TMA3.jpg\" imageanchor=\"1\" style=\"margin-left: 1em; margin-right: 1em;\"><img loading=\"lazy\" decoding=\"async\" src=\"https:\/\/blogger.googleusercontent.com\/img\/b\/R29vZ2xl\/AVvXsEgKYCzrA43FPKSuIjQjOjf1Zi0TYGGPj2dsbsYh0BZGxclGzP6A9g9Jv9tjvhoRrpKYN2FeNS2TKLspN8PgunkGR_fkwx4ltahpt2706aRTdJ0pvAAY0Q_qHxZ81uslkdQhGVwpdA\/s2048\/TMA3.jpg\" height=\"346\" width=\"640\" \/><\/a><\/p>\n<p>Lembro que son resultados de universitarios con t\u00edtulo que te\u00f3ricamente se prepararon para unha proba, m\u00e1is dun con experienca no posto. A partir de aqu\u00ed, que cadaqu\u00e9n interprete.<\/p>\n","protected":false},"excerpt":{"rendered":"<p>A ra\u00edz do comentario na rede sobre a resoluci\u00f3n (do apartado de test) da convocatoria para unha praza de T\u00e9cnico de Medio Ambiente do Concello de Ribadeo, paseime pola p\u00e1xina da web do concello onde hai diversos documentos relacionados (con ficheiros descargables e descargados) e atopei as actas &#8220;DE SELECCI\u00d3N DE PERSOAL LABORAL CONTRATADO TEMPORAL&#8221; [&hellip;]<\/p>\n","protected":false},"author":3,"featured_media":0,"comment_status":"open","ping_status":"closed","sticky":false,"template":"","format":"standard","meta":{"activitypub_content_warning":"","activitypub_content_visibility":"","activitypub_max_image_attachments":3,"activitypub_interaction_policy_quote":"anyone","activitypub_status":"federated","footnotes":""},"categories":[1],"tags":[9],"class_list":["post-6917","post","type-post","status-publish","format-standard","hentry","category-sen-categoria","tag-sociedade"],"_links":{"self":[{"href":"https:\/\/blogs.amarinha.gal\/ribadeando\/wp-json\/wp\/v2\/posts\/6917","targetHints":{"allow":["GET"]}}],"collection":[{"href":"https:\/\/blogs.amarinha.gal\/ribadeando\/wp-json\/wp\/v2\/posts"}],"about":[{"href":"https:\/\/blogs.amarinha.gal\/ribadeando\/wp-json\/wp\/v2\/types\/post"}],"author":[{"embeddable":true,"href":"https:\/\/blogs.amarinha.gal\/ribadeando\/wp-json\/wp\/v2\/users\/3"}],"replies":[{"embeddable":true,"href":"https:\/\/blogs.amarinha.gal\/ribadeando\/wp-json\/wp\/v2\/comments?post=6917"}],"version-history":[{"count":0,"href":"https:\/\/blogs.amarinha.gal\/ribadeando\/wp-json\/wp\/v2\/posts\/6917\/revisions"}],"wp:attachment":[{"href":"https:\/\/blogs.amarinha.gal\/ribadeando\/wp-json\/wp\/v2\/media?parent=6917"}],"wp:term":[{"taxonomy":"category","embeddable":true,"href":"https:\/\/blogs.amarinha.gal\/ribadeando\/wp-json\/wp\/v2\/categories?post=6917"},{"taxonomy":"post_tag","embeddable":true,"href":"https:\/\/blogs.amarinha.gal\/ribadeando\/wp-json\/wp\/v2\/tags?post=6917"}],"curies":[{"name":"wp","href":"https:\/\/api.w.org\/{rel}","templated":true}]}}