{"id":6915,"date":"2014-03-06T07:49:00","date_gmt":"2014-03-06T06:49:00","guid":{"rendered":""},"modified":"2024-11-12T14:12:43","modified_gmt":"2024-11-12T13:12:43","slug":"mercores-de-cinza","status":"publish","type":"post","link":"https:\/\/blogs.amarinha.gal\/ribadeando\/2014\/03\/06\/mercores-de-cinza\/","title":{"rendered":"M\u00e9rcores de cinza"},"content":{"rendered":"<p>O antroido trouxo, como t\u00f3dolos anos, outras posibilidades de vida mediante o cambio do disfraz. Queda o remate, pero nunha adaptaci\u00f3n \u00e1 realidade, t\u00f3dolos anos \u00e9 o mesmo: as m\u00e1scaras son xa previsibles, de negro e chorosas. Onte foi xa m\u00e9rcores de cinza, e pasou a festa vital, rematada polo rito relixioso, marcada por el a\u00ednda que este\u00f1a en completo desuso.<\/p>\n<p>Queda o comentario sobre charangas e disfraces, ben alentados este ano por Amelia e o seu grupo, e quiz\u00e1is alg\u00fans perduren un pouco m\u00e1is al\u00f3 da fin de semana alentados por circunstancias externas. A\u00ed est\u00e1 o pequeno enfrontamento previo debido \u00e1 existencia dun grupo da Banda de M\u00fasica cando en&nbsp; anos pasados xa o hab\u00eda da Escola de M\u00fasica. Pero en xeral, a v\u00e1lvula de escape que puido supo\u00f1er o antroido xa se cerrou, facilitando por uns d\u00edas baixar a presi\u00f3n sobre alg\u00fans temas que constrinxen \u00e1 sociedade e que voltar\u00e1n a ser patentes. Mesmo parece que este ano o anticicl\u00f3n coincidir\u00e1 despois dun longo inverno co comezo da coresma, voltando as\u00ed tam\u00e9n no sentido clim\u00e1tico a unha normalidade xa esquecida. As\u00ed que, est\u00e1s preparado?<\/p>\n","protected":false},"excerpt":{"rendered":"<p>O antroido trouxo, como t\u00f3dolos anos, outras posibilidades de vida mediante o cambio do disfraz. Queda o remate, pero nunha adaptaci\u00f3n \u00e1 realidade, t\u00f3dolos anos \u00e9 o mesmo: as m\u00e1scaras son xa previsibles, de negro e chorosas. Onte foi xa m\u00e9rcores de cinza, e pasou a festa vital, rematada polo rito relixioso, marcada por el [&hellip;]<\/p>\n","protected":false},"author":3,"featured_media":0,"comment_status":"open","ping_status":"closed","sticky":false,"template":"","format":"standard","meta":{"activitypub_content_warning":"","activitypub_content_visibility":"","activitypub_max_image_attachments":3,"activitypub_interaction_policy_quote":"anyone","activitypub_status":"federated","footnotes":""},"categories":[1],"tags":[32,9],"class_list":["post-6915","post","type-post","status-publish","format-standard","hentry","category-sen-categoria","tag-filosofia","tag-sociedade"],"_links":{"self":[{"href":"https:\/\/blogs.amarinha.gal\/ribadeando\/wp-json\/wp\/v2\/posts\/6915","targetHints":{"allow":["GET"]}}],"collection":[{"href":"https:\/\/blogs.amarinha.gal\/ribadeando\/wp-json\/wp\/v2\/posts"}],"about":[{"href":"https:\/\/blogs.amarinha.gal\/ribadeando\/wp-json\/wp\/v2\/types\/post"}],"author":[{"embeddable":true,"href":"https:\/\/blogs.amarinha.gal\/ribadeando\/wp-json\/wp\/v2\/users\/3"}],"replies":[{"embeddable":true,"href":"https:\/\/blogs.amarinha.gal\/ribadeando\/wp-json\/wp\/v2\/comments?post=6915"}],"version-history":[{"count":0,"href":"https:\/\/blogs.amarinha.gal\/ribadeando\/wp-json\/wp\/v2\/posts\/6915\/revisions"}],"wp:attachment":[{"href":"https:\/\/blogs.amarinha.gal\/ribadeando\/wp-json\/wp\/v2\/media?parent=6915"}],"wp:term":[{"taxonomy":"category","embeddable":true,"href":"https:\/\/blogs.amarinha.gal\/ribadeando\/wp-json\/wp\/v2\/categories?post=6915"},{"taxonomy":"post_tag","embeddable":true,"href":"https:\/\/blogs.amarinha.gal\/ribadeando\/wp-json\/wp\/v2\/tags?post=6915"}],"curies":[{"name":"wp","href":"https:\/\/api.w.org\/{rel}","templated":true}]}}