{"id":6913,"date":"2014-03-08T09:47:00","date_gmt":"2014-03-08T08:47:00","guid":{"rendered":""},"modified":"2024-11-12T14:12:40","modified_gmt":"2024-11-12T13:12:40","slug":"unha-correccion","status":"publish","type":"post","link":"https:\/\/blogs.amarinha.gal\/ribadeando\/2014\/03\/08\/unha-correccion\/","title":{"rendered":"unha correcci\u00f3n sobre Ribadeo e Galicia"},"content":{"rendered":"<p>Copio e pego algo de Ribadeo.org, non sen antes lamentar que o alcalde, que foi o xestor da correcci\u00f3n, non lembrara que houbo asociaci\u00f3ns que comezaron co tema.&#8217; De xeito separado, m\u00e1is adiante, prometo unha pequena reflexi\u00f3n.<\/p>\n<p class=\"antetitulo\">XA FOI SOLUCIONADO O ERRO NO FACEBOOK<\/p>\n<h3 class=\"antel\">\nRibadeo est\u00e1 en Galicia<\/h3>\n<p><span class=\"data\">07\/03\/2014<\/span> <\/p>\n<p class=\"intro\">Ribadeo xa est\u00e1 en Galicia no facebook. Esta<br \/>\nrede situaba este concello na veci\u00f1a Asturias, cuesti\u00f3n que orixinou<br \/>\nmoitas queixas dos usuarios de facebook. O Concello de Ribadeo p\u00faxose en<br \/>\n contacto coa empresa e finalmente Ribadeo est\u00e1 onde ten que estar, que \u00e9<br \/>\n en Galicia. O alcalde, Fernando Su\u00e1rez, agradece a labor realizada por<br \/>\nV\u00edctor Calvo-Sotelo.<\/p>\n<p>O rexedor lembrou que &#8220;moita xente de Ribadeo que est\u00e1 nas redes<br \/>\nsociais, concretamente no facebook, dende hai moito tempo transmit\u00edanos<br \/>\nqueixas de que Ribadeo sempre se situaba en Asturias e iso non \u00e9 as\u00ed<br \/>\nporque est\u00e1 en Galicia. Por iso temos feito xesti\u00f3ns durante un tempo e<br \/>\nagora finalmente facebook accedeu, comunic\u00e1ronse connosco para dicir que<br \/>\n iso fora un erro e que estaba resolto&#8221;. <\/p>\n<p>Fernando Su\u00e1rez explicou<br \/>\n que &#8220;automaticamente se cambia para todos aqueles que ti\u00f1an Ribadeo<br \/>\n(Asturias) e a partir de agora figura Ribadeo (Galicia). Polo tanto<br \/>\nquero tam\u00e9n valorar publicamente o xeito de facilitar o contacto que<br \/>\ntivo V\u00edctor Calvo-Sotelo, que \u00e9 o secretario xeral de Telecomunicaci\u00f3ns<br \/>\ndo Ministerio de Fomento, e como ribadense de adopci\u00f3n foi sensible a<br \/>\nesta cuesti\u00f3n que lle formulamos e botounos unha man no sentido de<br \/>\nmediar para que contact\u00e1semos n\u00f3s directamente con facebook para que<br \/>\npuideran resolver esta incidencia de tal maneira que Ribadeo est\u00e1 onde<br \/>\nsempre estivo, que \u00e9 en Galicia. E todos os veci\u00f1os de Ribadeo poder\u00e1n<br \/>\nnas s\u00faas p\u00e1xinas de facebook identificarse como tal&#8221;.&#8217;<\/p>\n","protected":false},"excerpt":{"rendered":"<p>Copio e pego algo de Ribadeo.org, non sen antes lamentar que o alcalde, que foi o xestor da correcci\u00f3n, non lembrara que houbo asociaci\u00f3ns que comezaron co tema.&#8217; De xeito separado, m\u00e1is adiante, prometo unha pequena reflexi\u00f3n. XA FOI SOLUCIONADO O ERRO NO FACEBOOK Ribadeo est\u00e1 en Galicia 07\/03\/2014 Ribadeo xa est\u00e1 en Galicia no [&hellip;]<\/p>\n","protected":false},"author":3,"featured_media":0,"comment_status":"open","ping_status":"closed","sticky":false,"template":"","format":"standard","meta":{"activitypub_content_warning":"","activitypub_content_visibility":"","activitypub_max_image_attachments":3,"activitypub_interaction_policy_quote":"anyone","activitypub_status":"federated","footnotes":""},"categories":[1],"tags":[9],"class_list":["post-6913","post","type-post","status-publish","format-standard","hentry","category-sen-categoria","tag-sociedade"],"_links":{"self":[{"href":"https:\/\/blogs.amarinha.gal\/ribadeando\/wp-json\/wp\/v2\/posts\/6913","targetHints":{"allow":["GET"]}}],"collection":[{"href":"https:\/\/blogs.amarinha.gal\/ribadeando\/wp-json\/wp\/v2\/posts"}],"about":[{"href":"https:\/\/blogs.amarinha.gal\/ribadeando\/wp-json\/wp\/v2\/types\/post"}],"author":[{"embeddable":true,"href":"https:\/\/blogs.amarinha.gal\/ribadeando\/wp-json\/wp\/v2\/users\/3"}],"replies":[{"embeddable":true,"href":"https:\/\/blogs.amarinha.gal\/ribadeando\/wp-json\/wp\/v2\/comments?post=6913"}],"version-history":[{"count":0,"href":"https:\/\/blogs.amarinha.gal\/ribadeando\/wp-json\/wp\/v2\/posts\/6913\/revisions"}],"wp:attachment":[{"href":"https:\/\/blogs.amarinha.gal\/ribadeando\/wp-json\/wp\/v2\/media?parent=6913"}],"wp:term":[{"taxonomy":"category","embeddable":true,"href":"https:\/\/blogs.amarinha.gal\/ribadeando\/wp-json\/wp\/v2\/categories?post=6913"},{"taxonomy":"post_tag","embeddable":true,"href":"https:\/\/blogs.amarinha.gal\/ribadeando\/wp-json\/wp\/v2\/tags?post=6913"}],"curies":[{"name":"wp","href":"https:\/\/api.w.org\/{rel}","templated":true}]}}