{"id":6908,"date":"2014-03-17T15:32:00","date_gmt":"2014-03-17T14:32:00","guid":{"rendered":""},"modified":"2024-11-12T14:12:32","modified_gmt":"2024-11-12T13:12:32","slug":"o-ies-de-ribadeo-xa-ten-nome-novo","status":"publish","type":"post","link":"https:\/\/blogs.amarinha.gal\/ribadeando\/2014\/03\/17\/o-ies-de-ribadeo-xa-ten-nome-novo\/","title":{"rendered":"O IES de Ribadeo xa ten nome novo"},"content":{"rendered":"<p>Con tardanza me entero de que o <a href=\"http:\/\/www.edu.xunta.es\/centros\/iesribadeo\" target=\"_blank\" rel=\"noopener\">IES de Ribadeo<\/a>, <a href=\"http:\/\/ribadeando.blogspot.com.es\/2012\/08\/comezando-en-setembro-un-novo-centro-de.html\" target=\"_blank\" rel=\"noopener\">creado a comezos do curso pasado<\/a>, xa ten oficialmente o novo nome: <a href=\"http:\/\/www.edu.xunta.es\/centros\/iesribadeo\" target=\"_blank\" rel=\"noopener\">Instituto de Educaci\u00f3n Secundaria de Ribadeo Dionisio Gamallo<\/a>. Adxunto deixo a copia da resoluci\u00f3n e a ligaz\u00f3n ao <a href=\"http:\/\/www.xunta.es\/dog\/Publicados\/2014\/20140207\/AnuncioG0164-300114-0003_gl.html\" target=\"_blank\" rel=\"noopener\">DOG do 7 de febreiro de 2014 onde sae publicada<\/a> (e <a href=\"http:\/\/publicadoenribadeo.wikispaces.com\/Documentos+hist%C3%B3ricos\" target=\"_blank\" rel=\"noopener\">en Publicado en Ribadeo<\/a>):<\/p>\n<p>&#8221;<\/p>\n<p class=\"basic-paragraph\"><span class=\"dog-texto-seccion\">III. Outras disposici\u00f3ns<\/span><\/p>\n<p class=\"basic-paragraph\"><span class=\"dog-texto-organismo\">Conseller\u00eda de Cultura, Educaci\u00f3n e Ordenaci\u00f3n Universitaria<\/span><\/p>\n<p class=\"basic-paragraph\"><span class=\"dog-texto-sumario\">ORDE do 27 de xaneiro de 2014 pola que se autoriza o cambio de denominaci\u00f3n do Instituto de Educaci\u00f3n Secundaria de Ribadeo.<\/span><\/p>\n<\/p>\n<p class=\"dog-base-sangria\">De conformidade co previsto no artigo<br \/>\n3.1 e 2 do Regulamento org\u00e1nico dos institutos de educaci\u00f3n secundaria,<br \/>\naprobado polo Decreto 324\/1996, do 26 de xullo (DOG do 9 de agosto), por<br \/>\n proposta da Direcci\u00f3n Xeral de Centros e Recursos Humanos<\/p>\n<p class=\"dog-firma-centrada\">DISPO\u00d1O:<\/p>\n<p class=\"dog-base-sangria\">Autorizar o cambio de denominaci\u00f3n espec\u00edfica do seguinte centro:<\/p>\n<p class=\"dog-base-sangria\">Provincia: Lugo.<\/p>\n<p class=\"dog-base-sangria\">Concello: Ribadeo.<\/p>\n<p class=\"dog-base-sangria\">C\u00f3digo: 27020902.<\/p>\n<p class=\"dog-base-sangria\">Denominaci\u00f3n actual: Instituto de Educaci\u00f3n Secundaria de Ribadeo.<\/p>\n<p class=\"dog-base-sangria\">Nova denominaci\u00f3n: Instituto de Educaci\u00f3n Secundaria de Ribadeo Dionisio Gamallo.<\/p>\n<p class=\"dog-base-sangria\">Santiago de Compostela, 27 de xaneiro de 2014<\/p>\n<p class=\"dog-firma-centrada\">Jes\u00fas V\u00e1zquez Abad<\/p>\n<p>Conselleiro de Cultura, Educaci\u00f3n e Ordenaci\u00f3n Universitaria<\/p>\n<\/p>\n<\/p>\n<p>&#8220;<\/p>\n","protected":false},"excerpt":{"rendered":"<p>Con tardanza me entero de que o IES de Ribadeo, creado a comezos do curso pasado, xa ten oficialmente o novo nome: Instituto de Educaci\u00f3n Secundaria de Ribadeo Dionisio Gamallo. Adxunto deixo a copia da resoluci\u00f3n e a ligaz\u00f3n ao DOG do 7 de febreiro de 2014 onde sae publicada (e en Publicado en Ribadeo): [&hellip;]<\/p>\n","protected":false},"author":3,"featured_media":0,"comment_status":"open","ping_status":"closed","sticky":false,"template":"","format":"standard","meta":{"activitypub_content_warning":"","activitypub_content_visibility":"","activitypub_max_image_attachments":3,"activitypub_interaction_policy_quote":"anyone","activitypub_status":"federated","footnotes":""},"categories":[1],"tags":[9],"class_list":["post-6908","post","type-post","status-publish","format-standard","hentry","category-sen-categoria","tag-sociedade"],"_links":{"self":[{"href":"https:\/\/blogs.amarinha.gal\/ribadeando\/wp-json\/wp\/v2\/posts\/6908","targetHints":{"allow":["GET"]}}],"collection":[{"href":"https:\/\/blogs.amarinha.gal\/ribadeando\/wp-json\/wp\/v2\/posts"}],"about":[{"href":"https:\/\/blogs.amarinha.gal\/ribadeando\/wp-json\/wp\/v2\/types\/post"}],"author":[{"embeddable":true,"href":"https:\/\/blogs.amarinha.gal\/ribadeando\/wp-json\/wp\/v2\/users\/3"}],"replies":[{"embeddable":true,"href":"https:\/\/blogs.amarinha.gal\/ribadeando\/wp-json\/wp\/v2\/comments?post=6908"}],"version-history":[{"count":0,"href":"https:\/\/blogs.amarinha.gal\/ribadeando\/wp-json\/wp\/v2\/posts\/6908\/revisions"}],"wp:attachment":[{"href":"https:\/\/blogs.amarinha.gal\/ribadeando\/wp-json\/wp\/v2\/media?parent=6908"}],"wp:term":[{"taxonomy":"category","embeddable":true,"href":"https:\/\/blogs.amarinha.gal\/ribadeando\/wp-json\/wp\/v2\/categories?post=6908"},{"taxonomy":"post_tag","embeddable":true,"href":"https:\/\/blogs.amarinha.gal\/ribadeando\/wp-json\/wp\/v2\/tags?post=6908"}],"curies":[{"name":"wp","href":"https:\/\/api.w.org\/{rel}","templated":true}]}}