{"id":6905,"date":"2014-03-24T07:33:00","date_gmt":"2014-03-24T06:33:00","guid":{"rendered":""},"modified":"2024-11-12T14:12:28","modified_gmt":"2024-11-12T13:12:28","slug":"adolfo-suarez-22-m","status":"publish","type":"post","link":"https:\/\/blogs.amarinha.gal\/ribadeando\/2014\/03\/24\/adolfo-suarez-22-m\/","title":{"rendered":"Adolfo Su\u00e1rez, 22 M"},"content":{"rendered":"<p>Si, xa sei, Su\u00e1rez morreu o 23, non o 22M. E son cousas diferentes en momentos diferentes. Mais, como di Mario Penelo, este fin de semana poder\u00eda ser, por varios motivos, considerado o fin do proceso chamado Transici\u00f3n. Poder\u00e9molo ver nos libros de historia dentro de dez anos.<\/p>\n<p>Voltarei sobre o 22M, pero de pronto, copio e faigo meu o que <a href=\"http:\/\/elangeldeolavide.blogspot.com.es\/2014\/03\/dep-adolfo-suarez-el-ultimo-heroe.html\" target=\"_blank\" rel=\"noopener\">\u00c1ngel Alda <\/a>deixou sobre o \u00f3bito de Adolfo Su\u00e1rez, coas luces que ilumina e as sombras que retira:<\/p>\n<p>&#8221;<\/p>\n<p><em>Ha muerto Adolfo Su\u00e1rez. <\/em><\/p>\n<p><em> Hoy me quedo con algunas im\u00e1genes de<br \/>\n \u00e9l. La del pleno de las cortes franquistas haci\u00e9ndose el karakiri. Ese<br \/>\nes un recuerdo que da fe de su inteligencia y astucia pol\u00edtica y de ese<br \/>\nmomento se derivaron para AS los odios africanos que le derecha espa\u00f1ola<br \/>\n le profes\u00f3 durante tantos a\u00f1os y todav\u00eda le profesa. Hoy, sin embargo,<br \/>\nesa misma derecha le reconocer\u00e1 como uno de sus heroes. <\/em><\/p>\n<p><em> La segunda imagen es la de AS aceptando la legalizaci\u00f3n del PCE en contra<span class=\"text_exposed_show\"><br \/>\n de todo el generalato y de los sectores mas recalcitrantes del viejo<br \/>\nr\u00e9gimen. Aquello fue un golpe de audacia y, otra vez, de inteligencia.<br \/>\nEsos generales nunca se lo perdonaron y por eso, incluso habiendo<br \/>\ndimitido para evitar males mayores, le montaron un golpe r\u00eddiculo y<br \/>\ncriminal pocos a\u00f1os despu\u00e9s<\/span><\/em><\/p>\n<p class=\"text_exposed_show\"><em><br \/>\n El tercer momento es precisamente el de AS aguantando de pie la<br \/>\nbalacera en el congreso de los diputados y rescatando al general<br \/>\nGuti\u00e9rrez Mellado de las agresiones de esos militarotes de mierda.<br \/>\nGallard\u00eda y respeto por la democracia, algo que muchos otros, todos en<br \/>\nrealidad con la excepci\u00f3n del recientemente desaparecido Carrillo, no<br \/>\nsupieron sacar de si mismos avergonzando a un pueblo acobardado. Hoy<br \/>\nesos mismos diputados que no supieron acompa\u00f1ar el gesto le rendiran<br \/>\nhonores. Los honores de su propio sonrojo.<\/em><\/p>\n<p><em> Solo por esos momentos<br \/>\n tengo para mi que AS fue el verdadero promotor del cambio del r\u00e9gimen<br \/>\nfranquista desde dentro del sistema. Supo hacer confluir ese prop\u00f3sito<br \/>\nde regeneraci\u00f3n con las ansias del pueblo y con unos sectores de la<br \/>\noposici\u00f3n muy d\u00e9biles y escasamente asentados en la vida civil del pais.<br \/>\n Luego las cosas vinieron como vinieron pero nadie puede hacer<br \/>\nresponsable de ello a Adolfo Su\u00e1rez.<\/em><\/p>\n<p><em> DESCANSE EN PAZ<\/em><\/p>\n<p>&#8221;<\/p>\n<p>Collido do Seu Facebook, non recollo tam\u00e9n os comentarios que suscitou porque a bo seguro seguir\u00e1 recoll\u00e9ndoos (e polo momento&nbsp; non te\u00f1en desperdizo).<\/p>\n","protected":false},"excerpt":{"rendered":"<p>Si, xa sei, Su\u00e1rez morreu o 23, non o 22M. E son cousas diferentes en momentos diferentes. Mais, como di Mario Penelo, este fin de semana poder\u00eda ser, por varios motivos, considerado o fin do proceso chamado Transici\u00f3n. Poder\u00e9molo ver nos libros de historia dentro de dez anos. Voltarei sobre o 22M, pero de pronto, [&hellip;]<\/p>\n","protected":false},"author":3,"featured_media":0,"comment_status":"open","ping_status":"closed","sticky":false,"template":"","format":"standard","meta":{"activitypub_content_warning":"","activitypub_content_visibility":"","activitypub_max_image_attachments":3,"activitypub_interaction_policy_quote":"anyone","activitypub_status":"federated","footnotes":""},"categories":[1],"tags":[9],"class_list":["post-6905","post","type-post","status-publish","format-standard","hentry","category-sen-categoria","tag-sociedade"],"_links":{"self":[{"href":"https:\/\/blogs.amarinha.gal\/ribadeando\/wp-json\/wp\/v2\/posts\/6905","targetHints":{"allow":["GET"]}}],"collection":[{"href":"https:\/\/blogs.amarinha.gal\/ribadeando\/wp-json\/wp\/v2\/posts"}],"about":[{"href":"https:\/\/blogs.amarinha.gal\/ribadeando\/wp-json\/wp\/v2\/types\/post"}],"author":[{"embeddable":true,"href":"https:\/\/blogs.amarinha.gal\/ribadeando\/wp-json\/wp\/v2\/users\/3"}],"replies":[{"embeddable":true,"href":"https:\/\/blogs.amarinha.gal\/ribadeando\/wp-json\/wp\/v2\/comments?post=6905"}],"version-history":[{"count":0,"href":"https:\/\/blogs.amarinha.gal\/ribadeando\/wp-json\/wp\/v2\/posts\/6905\/revisions"}],"wp:attachment":[{"href":"https:\/\/blogs.amarinha.gal\/ribadeando\/wp-json\/wp\/v2\/media?parent=6905"}],"wp:term":[{"taxonomy":"category","embeddable":true,"href":"https:\/\/blogs.amarinha.gal\/ribadeando\/wp-json\/wp\/v2\/categories?post=6905"},{"taxonomy":"post_tag","embeddable":true,"href":"https:\/\/blogs.amarinha.gal\/ribadeando\/wp-json\/wp\/v2\/tags?post=6905"}],"curies":[{"name":"wp","href":"https:\/\/api.w.org\/{rel}","templated":true}]}}