{"id":6900,"date":"2014-03-30T12:17:00","date_gmt":"2014-03-30T10:17:00","guid":{"rendered":""},"modified":"2024-11-12T14:12:12","modified_gmt":"2024-11-12T13:12:12","slug":"amadores-ben-grazas","status":"publish","type":"post","link":"https:\/\/blogs.amarinha.gal\/ribadeando\/2014\/03\/30\/amadores-ben-grazas\/","title":{"rendered":"Amadores? Ben, grazas"},"content":{"rendered":"<p>Onte foi a asemblea de Amadores da M\u00fasica. Extraordinaria, cun \u00fanico punto na orde do d\u00eda, a elecci\u00f3n da nova directiva. Curta, cunha duraci\u00f3n duns vinte minutos dende as nove da noite en que comezou en segunda convocatoria. Numerosa, m\u00e1is de 40 socios, relativamente para unha sociedade que vi\u00f1a tendo uns vinte socios nas asembleas, como moito. Inesperada despois da \u00faltima, na que apareceu unha Amadores ag\u00f3nica en procura da s\u00faa continuidade.<\/p>\n<p>Foi sinxela, pois comezou co anuncio da existencia dunha candidatura, encabezada por Jos\u00e9 Luis Pulpeiro Grueso (m\u00fasico da banda), con Jos\u00e9 Manuel Y\u00e1\u00f1ez Dablanca (&#8216;Manel&#8217;, profesor, concelleiro polo PP) como vicepresidente, Vanessa Fern\u00e1ndez Rivas (m\u00fasica, foi aspirante \u00e1 concelleira polo BNG) secretaria, Jos\u00e9 \u00c1ngel Bola\u00f1o Penelo (economista, foi aspirante a concelleiro polo PSOE) como tesoureiro, Aurora Fern\u00e1ndez Pe\u00f1a (ex m\u00fasica) como encargada de material, Xos\u00e9 Farruco Gra\u00f1a, vogal, Ram\u00f3n Santiago Fern\u00e1ndez Reinante, vogal, M\u00aa Teresa Mart\u00ednez Souto, vogal. Fago referenza a algunha caracter\u00edstica dos cargos unipersoais s\u00f3 como motivo de identificaci\u00f3n, non porque crea que, por exemplo, a s\u00faa pertenza a un determinado partido nun determinado momento vaia pasar por riba do interese xeral.<\/p>\n<p>Despois o Presidente proposto desgranou os puntos salientables do seu programa. Entre eles, unha oferta de traballo conxunto coa escola, a potenciaci\u00f3n do interese dos m\u00fasicos mediante un sistema de recompensas ou o tomarse tempo para orientar o futuro da formaci\u00f3n, se fora necesario.<\/p>\n<p>A votaci\u00f3n contou con seis votos delegados, totalizando 37 votos a favor e 11 abstenci\u00f3ns, sen ning\u00fan voto en contra. E, visto en retrospectiva, penso que parte desas abstenci\u00f3ns van na d\u00fabida do comentario que fixen sobre as caracter\u00edsticas dos cargos unipersoais.<\/p>\n<p><iframe loading=\"lazy\" align=\"top\" allowfullscreen=\"\" frameborder=\"0\" height=\"115\" hspace=\"0\" marginheight=\"0\" scrolling=\"no\" src=\"http:\/\/www.goear.com\/embed\/sound\/a9968a1\" vspace=\"0\" width=\"580\"><\/iframe><\/p>\n<p>Para min \u00e9 ilusionante ter, tres meses despois dunha asemblea na que Amadores se deu un tempo para procurar a s\u00faa continuidade, unha nova directiva de xente entre a que algunhas persoas entendo que garanten un traballo cont\u00ednuo, de miras amplas e coa adicaci\u00f3n necesaria. Naturalmente, isto non garante o \u00e9xito, pero si unha procura encami\u00f1ada nun momento no que a sociedade e a banda necesitan algo m\u00e1is que establecer un &#8216;piloto autom\u00e1tico&#8217;.<\/p>\n","protected":false},"excerpt":{"rendered":"<p>Onte foi a asemblea de Amadores da M\u00fasica. Extraordinaria, cun \u00fanico punto na orde do d\u00eda, a elecci\u00f3n da nova directiva. Curta, cunha duraci\u00f3n duns vinte minutos dende as nove da noite en que comezou en segunda convocatoria. Numerosa, m\u00e1is de 40 socios, relativamente para unha sociedade que vi\u00f1a tendo uns vinte socios nas asembleas, [&hellip;]<\/p>\n","protected":false},"author":3,"featured_media":0,"comment_status":"open","ping_status":"closed","sticky":false,"template":"","format":"standard","meta":{"activitypub_content_warning":"","activitypub_content_visibility":"","activitypub_max_image_attachments":3,"activitypub_interaction_policy_quote":"anyone","activitypub_status":"federated","footnotes":""},"categories":[1],"tags":[81,23,9],"class_list":["post-6900","post","type-post","status-publish","format-standard","hentry","category-sen-categoria","tag-banda","tag-musica","tag-sociedade"],"_links":{"self":[{"href":"https:\/\/blogs.amarinha.gal\/ribadeando\/wp-json\/wp\/v2\/posts\/6900","targetHints":{"allow":["GET"]}}],"collection":[{"href":"https:\/\/blogs.amarinha.gal\/ribadeando\/wp-json\/wp\/v2\/posts"}],"about":[{"href":"https:\/\/blogs.amarinha.gal\/ribadeando\/wp-json\/wp\/v2\/types\/post"}],"author":[{"embeddable":true,"href":"https:\/\/blogs.amarinha.gal\/ribadeando\/wp-json\/wp\/v2\/users\/3"}],"replies":[{"embeddable":true,"href":"https:\/\/blogs.amarinha.gal\/ribadeando\/wp-json\/wp\/v2\/comments?post=6900"}],"version-history":[{"count":0,"href":"https:\/\/blogs.amarinha.gal\/ribadeando\/wp-json\/wp\/v2\/posts\/6900\/revisions"}],"wp:attachment":[{"href":"https:\/\/blogs.amarinha.gal\/ribadeando\/wp-json\/wp\/v2\/media?parent=6900"}],"wp:term":[{"taxonomy":"category","embeddable":true,"href":"https:\/\/blogs.amarinha.gal\/ribadeando\/wp-json\/wp\/v2\/categories?post=6900"},{"taxonomy":"post_tag","embeddable":true,"href":"https:\/\/blogs.amarinha.gal\/ribadeando\/wp-json\/wp\/v2\/tags?post=6900"}],"curies":[{"name":"wp","href":"https:\/\/api.w.org\/{rel}","templated":true}]}}