{"id":6889,"date":"2014-04-13T13:59:00","date_gmt":"2014-04-13T11:59:00","guid":{"rendered":""},"modified":"2024-11-12T14:11:54","modified_gmt":"2024-11-12T13:11:54","slug":"ribadeo-hoxe","status":"publish","type":"post","link":"https:\/\/blogs.amarinha.gal\/ribadeando\/2014\/04\/13\/ribadeo-hoxe\/","title":{"rendered":"Ribadeo hoxe"},"content":{"rendered":"<p>Adxunto un v\u00eddeo con parte da bendici\u00f3n dos ramos na praza de abaixo para que quen queira se poda facer unha idea do ateigado que est\u00e1 Ribadeo hoxe, xa comezados os actos da Semana Santa.<\/p>\n<p><object width=\"320\" height=\"266\" class=\"BLOGGER-youtube-video\" classid=\"clsid:D27CDB6E-AE6D-11cf-96B8-444553540000\" codebase=\"http:\/\/download.macromedia.com\/pub\/shockwave\/cabs\/flash\/swflash.cab#version=6,0,40,0\" data-thumbnail-src=\"https:\/\/i1.ytimg.com\/vi\/_TnoPMe7I3c\/0.jpg\"><param name=\"movie\" value=\"https:\/\/www.youtube.com\/v\/_TnoPMe7I3c?version=3&#038;f=user_uploads&#038;c=google-webdrive-0&#038;app=youtube_gdata\" \/><param name=\"bgcolor\" value=\"#FFFFFF\" \/><param name=\"allowFullScreen\" value=\"true\" \/><embed width=\"320\" height=\"266\"  src=\"https:\/\/www.youtube.com\/v\/_TnoPMe7I3c?version=3&#038;f=user_uploads&#038;c=google-webdrive-0&#038;app=youtube_gdata\" type=\"application\/x-shockwave-flash\" allowfullscreen=\"true\"><\/embed><\/object><\/p>\n<p>Sobre se a base \u00e9 a espiritualidade, iso xa \u00e9 outra cousa.<\/p>\n","protected":false},"excerpt":{"rendered":"<p>Adxunto un v\u00eddeo con parte da bendici\u00f3n dos ramos na praza de abaixo para que quen queira se poda facer unha idea do ateigado que est\u00e1 Ribadeo hoxe, xa comezados os actos da Semana Santa. Sobre se a base \u00e9 a espiritualidade, iso xa \u00e9 outra cousa.<\/p>\n","protected":false},"author":3,"featured_media":0,"comment_status":"open","ping_status":"closed","sticky":false,"template":"","format":"standard","meta":{"activitypub_content_warning":"","activitypub_content_visibility":"","activitypub_max_image_attachments":3,"activitypub_interaction_policy_quote":"anyone","activitypub_status":"federated","footnotes":""},"categories":[1],"tags":[9],"class_list":["post-6889","post","type-post","status-publish","format-standard","hentry","category-sen-categoria","tag-sociedade"],"_links":{"self":[{"href":"https:\/\/blogs.amarinha.gal\/ribadeando\/wp-json\/wp\/v2\/posts\/6889","targetHints":{"allow":["GET"]}}],"collection":[{"href":"https:\/\/blogs.amarinha.gal\/ribadeando\/wp-json\/wp\/v2\/posts"}],"about":[{"href":"https:\/\/blogs.amarinha.gal\/ribadeando\/wp-json\/wp\/v2\/types\/post"}],"author":[{"embeddable":true,"href":"https:\/\/blogs.amarinha.gal\/ribadeando\/wp-json\/wp\/v2\/users\/3"}],"replies":[{"embeddable":true,"href":"https:\/\/blogs.amarinha.gal\/ribadeando\/wp-json\/wp\/v2\/comments?post=6889"}],"version-history":[{"count":0,"href":"https:\/\/blogs.amarinha.gal\/ribadeando\/wp-json\/wp\/v2\/posts\/6889\/revisions"}],"wp:attachment":[{"href":"https:\/\/blogs.amarinha.gal\/ribadeando\/wp-json\/wp\/v2\/media?parent=6889"}],"wp:term":[{"taxonomy":"category","embeddable":true,"href":"https:\/\/blogs.amarinha.gal\/ribadeando\/wp-json\/wp\/v2\/categories?post=6889"},{"taxonomy":"post_tag","embeddable":true,"href":"https:\/\/blogs.amarinha.gal\/ribadeando\/wp-json\/wp\/v2\/tags?post=6889"}],"curies":[{"name":"wp","href":"https:\/\/api.w.org\/{rel}","templated":true}]}}