{"id":6879,"date":"2014-04-30T07:51:00","date_gmt":"2014-04-30T05:51:00","guid":{"rendered":""},"modified":"2024-11-12T14:11:30","modified_gmt":"2024-11-12T13:11:30","slug":"ribadeo-debate-visions-de-ribadeo","status":"publish","type":"post","link":"https:\/\/blogs.amarinha.gal\/ribadeando\/2014\/04\/30\/ribadeo-debate-visions-de-ribadeo\/","title":{"rendered":"Ribadeo a Debate. Visi\u00f3ns de Ribadeo"},"content":{"rendered":"<p>1.Hoxe hai un debate entre pol\u00edticos. Na Casa das Letras, \u00e1s 20:30<\/p>\n<p>Participar\u00e1n:<\/p>\n<p>* Jes\u00fas L\u00f3pez Penabad, \u00e9 enxe\u00f1eiro t\u00e9cnico forestal. Actualmente \u00e9 presidente do PP de Ribadeo e coordinador sectorial de turismo na executiva provincial do PP de Lugo.<\/p>\n<p>* Jos\u00e9 Ram\u00f3n Val (PSOE), licenciado en Ciencias Pol\u00edticas pola USC, foi delegado provincial de Pesca na Xunta de Galicia. Foi tam\u00e9n deputado na corporaci\u00f3n provincial de Lugo, onde dirixiu a \u00e1rea de Econom\u00eda do Co\u00f1ecemento, Emprendedores e Innovaci\u00f3n. Na actualidade desempe\u00f1a o cargo de voceiro do grupo municipal socialista no concello de Foz e tam\u00e9n \u00e9 deputado no Pazo do H\u00f3rreo, onde \u00e9 voceiro de Pesca.<\/p>\n<p>* Olalla Rodil Fern\u00e1ndez (BNG): licenciada en Publicidade pola UVI. Xornalista e especialista en estudos internacionais. Redactora do xornal Sermos Galiza.<\/p>\n<p>* Paulo Carlos L\u00f3pez (CxG), licenciado en Xornalismo e en Ciencias Pol\u00edticas e da Administraci\u00f3n pola USC. \u00c9 membro do grupo de investigaci\u00f3n CIDECOM da USC sobre cidadan\u00eda e comunicaci\u00f3n.<br \/>\nColabora co Grupo El Correo Gallego e coa revista Tempos Novos.<\/p>\n<p>&#8230; por un un inconvinte de \u00faltima hora, non estar\u00e1 o participante de AGE. <\/p>\n<p><em>2.O Tes\u00f3n liberou onte unha nota de prensa para dar a nova do ciclo &#8216;Ribadeo a Debate. Visi\u00f3ns de Ribadeo&#8217;, comezando o pr\u00f3ximo s\u00e1bado 10, con participantes de primeira fila e pretendendo discutir sobre o Ribadeo que vemos e que queremos:<\/em><\/p>\n<p align=\"CENTER\" class=\"western\"><span style=\"font-size: x-large;\">AVV<br \/>\nO Tes\u00f3n<\/span><\/p>\n<p align=\"CENTER\" class=\"western\"><span style=\"font-size: x-large;\">Nota<br \/>\nde prensa 20140429<\/span><\/p>\n<p align=\"CENTER\" class=\"western\"><span style=\"font-size: x-large;\">&#8211;<\/span><\/p>\n<p align=\"CENTER\" class=\"western\"><span style=\"font-size: x-large;\">Ciclo<br \/>\nde charlas de primavera Ribadeo a Debate. Visi\u00f3ns de Ribadeo.<\/span><\/p>\n<p align=\"JUSTIFY\" class=\"western\"><span style=\"font-size: small;\">Unha vez m\u00e1is, a AVV O Tes\u00f3n presenta un ciclo de<br \/>\ncharlas para provocar o debate sobre Ribadeo. Neste caso, para<br \/>\ndesenvolver no mes de maio,o ciclo leva como t\u00edtulo xen\u00e9rico<br \/>\n\u201cRibadeo a debate. Visi\u00f3ns de Ribadeo\u201d. Con el pret\u00e9ndese que<br \/>\ncatro ribadenses con ampla visi\u00f3n sobre o noso entorno, tanto da<br \/>\nvila de Ribadeo como do entorno r\u00eda ou do conxunto da comarca, podan<br \/>\nfalar libremente  dando a s\u00faa visi\u00f3n e propiciando un debate en<br \/>\ntorno \u00f3s seus puntos de vista.<\/span><\/p>\n<p align=\"JUSTIFY\" class=\"western\"><span style=\"font-size: small;\">En t\u00f3dolos casos tr\u00e1tase de persoas que dalg\u00fan xeito<br \/>\nson consideradas en Ribadeo como un referente, ben polos seus<br \/>\nescritos, a s\u00faa vivencia ou por ambos, e que comparten unha<br \/>\nquerencia forte por Ribadeo, cada un \u00f3 seu estilo.<\/span><\/p>\n<p align=\"JUSTIFY\" class=\"western\"><span style=\"font-size: small;\">As charlas constar\u00e1n dunha primeira parte, expositiva a<br \/>\ncargo do conferenciante, e unha segunda, na que se tratar\u00e1 o debate<br \/>\nsobre as ideas e feitos expostos relacionados co noso pobo.<br \/>\nDesenvolver\u00e1nse no Sal\u00f3n de actos da Casa do Mar, comezando \u00e1s<br \/>\n20:00 horas. A entrada ser\u00e1 libre e gratuita ata esgotar<br \/>\nlocalidades.<\/span><\/p>\n<p align=\"JUSTIFY\" class=\"western\"><span style=\"font-size: small;\">Como resume do ciclo, Podemos tomar:<\/span><\/p>\n<p align=\"JUSTIFY\" class=\"western\"><span style=\"font-size: small;\">-10 maio, s\u00e1bado, Xos\u00e9 Carlos Rodr\u00edguez Ra\u00f1\u00f3n:<br \/>\nRibadeo visto desde f\u00f3ra por un de dentro.<\/span><\/p>\n<p align=\"JUSTIFY\" class=\"western\"><span style=\"font-size: small;\">-16 maio, venres, Chemi Lombardero Rico: Ribadeo; un<br \/>\nporto, un hinterland, d\u00faas comunidades.<\/span><\/p>\n<p align=\"JUSTIFY\" class=\"western\"><span style=\"font-size: small;\">-23 maio, venres, V\u00edctor Moro Rodr\u00edguez: Ribadeo<\/span><\/p>\n<p align=\"JUSTIFY\" class=\"western\"><span style=\"font-size: small;\">-30 maio, venres, Jos\u00e9 Ram\u00f3n Rodr\u00edguez-Sabugo<br \/>\nFern\u00e1ndez: La evoluci\u00f3n de Ribadeo desde mi llegada<\/span><\/p>\n<p align=\"JUSTIFY\" class=\"western\"><span style=\"font-size: small;\">Previamente a cada unha das charlas darase informaci\u00f3n<br \/>\nm\u00e1is concreta relacionada con ela.<\/span><\/p>\n<p><a href=\"https:\/\/blogger.googleusercontent.com\/img\/b\/R29vZ2xl\/AVvXsEiD-gdTZm0ZkYFkRgB9TB-WJZCIFqc06fFFvQuuqqHT8h75LVLEz4J7ql1MojlGN-L5JUgsRiGO3r1Atmt345bvgOIAX1DjqSlfa7SkBZleIUuuscV_0tswZ1yR-b4Yc-TU4Kgcaw\/s2048\/Ribadeo+a+debate+2.jpg\" imageanchor=\"1\" style=\"margin-left: 1em; margin-right: 1em;\"><img loading=\"lazy\" decoding=\"async\" src=\"https:\/\/blogger.googleusercontent.com\/img\/b\/R29vZ2xl\/AVvXsEiD-gdTZm0ZkYFkRgB9TB-WJZCIFqc06fFFvQuuqqHT8h75LVLEz4J7ql1MojlGN-L5JUgsRiGO3r1Atmt345bvgOIAX1DjqSlfa7SkBZleIUuuscV_0tswZ1yR-b4Yc-TU4Kgcaw\/s2048\/Ribadeo+a+debate+2.jpg\" height=\"640\" width=\"452\" \/><\/a><\/p><\/p>\n","protected":false},"excerpt":{"rendered":"<p>1.Hoxe hai un debate entre pol\u00edticos. Na Casa das Letras, \u00e1s 20:30 Participar\u00e1n: * Jes\u00fas L\u00f3pez Penabad, \u00e9 enxe\u00f1eiro t\u00e9cnico forestal. Actualmente \u00e9 presidente do PP de Ribadeo e coordinador sectorial de turismo na executiva provincial do PP de Lugo. * Jos\u00e9 Ram\u00f3n Val (PSOE), licenciado en Ciencias Pol\u00edticas pola USC, foi delegado provincial de [&hellip;]<\/p>\n","protected":false},"author":3,"featured_media":0,"comment_status":"open","ping_status":"closed","sticky":false,"template":"","format":"standard","meta":{"activitypub_content_warning":"","activitypub_content_visibility":"","activitypub_max_image_attachments":3,"activitypub_interaction_policy_quote":"anyone","activitypub_status":"federate","footnotes":""},"categories":[1],"tags":[10,48,74,9],"class_list":["post-6879","post","type-post","status-publish","format-standard","hentry","category-sen-categoria","tag-cultura","tag-eleccions","tag-o-teson","tag-sociedade"],"_links":{"self":[{"href":"https:\/\/blogs.amarinha.gal\/ribadeando\/wp-json\/wp\/v2\/posts\/6879","targetHints":{"allow":["GET"]}}],"collection":[{"href":"https:\/\/blogs.amarinha.gal\/ribadeando\/wp-json\/wp\/v2\/posts"}],"about":[{"href":"https:\/\/blogs.amarinha.gal\/ribadeando\/wp-json\/wp\/v2\/types\/post"}],"author":[{"embeddable":true,"href":"https:\/\/blogs.amarinha.gal\/ribadeando\/wp-json\/wp\/v2\/users\/3"}],"replies":[{"embeddable":true,"href":"https:\/\/blogs.amarinha.gal\/ribadeando\/wp-json\/wp\/v2\/comments?post=6879"}],"version-history":[{"count":0,"href":"https:\/\/blogs.amarinha.gal\/ribadeando\/wp-json\/wp\/v2\/posts\/6879\/revisions"}],"wp:attachment":[{"href":"https:\/\/blogs.amarinha.gal\/ribadeando\/wp-json\/wp\/v2\/media?parent=6879"}],"wp:term":[{"taxonomy":"category","embeddable":true,"href":"https:\/\/blogs.amarinha.gal\/ribadeando\/wp-json\/wp\/v2\/categories?post=6879"},{"taxonomy":"post_tag","embeddable":true,"href":"https:\/\/blogs.amarinha.gal\/ribadeando\/wp-json\/wp\/v2\/tags?post=6879"}],"curies":[{"name":"wp","href":"https:\/\/api.w.org\/{rel}","templated":true}]}}