{"id":6874,"date":"2014-05-07T07:45:00","date_gmt":"2014-05-07T05:45:00","guid":{"rendered":""},"modified":"2024-11-12T14:11:22","modified_gmt":"2024-11-12T13:11:22","slug":"as-mamografias-tema-de-exemplo","status":"publish","type":"post","link":"https:\/\/blogs.amarinha.gal\/ribadeando\/2014\/05\/07\/as-mamografias-tema-de-exemplo\/","title":{"rendered":"As mamograf\u00edas, tema de exemplo"},"content":{"rendered":"<p>Dende hai tempo en Ribadeo hai unha oferta cultural ampla, con diversas tendencias. Ven a conto de que diversas asociaci\u00f3ns e grupos s\u00famanse \u00e1 tam\u00e9n ampla oferta do concello para tentar dinamizar a participaci\u00f3n, formaci\u00f3n e discusi\u00f3n de temas, de candentes a interesantes. A \u00faltima, unha charla sobre mamograf\u00edas para este venres. Deixo a nota de prensa e o cartaz:<\/p>\n<p><em>En Galiza participan unhas 150.000 mulleres cada ano nos programas de mamograf\u00edas peri\u00f3dicas, pero non existe unha avaliaci\u00f3n actualizada dos seus beneficios e desvantaxes.<\/em><\/p>\n<p><em>Por\u00e9n, o  debate sobre os pros e contras da mamograf\u00eda est\u00e1 de plena actualidade. Algunhas citas autorizadas son as seguintes: O informe Cochrane de 2013 (<a href=\"http:\/\/www.cochrane.dk\/\">www.cochrane.dk<\/a>), a recomendaci\u00f3n de suprimir o cribado peri\u00f3dico do Consello M\u00e9dico Suizo (<a href=\"http:\/\/www.medical-board.ch\/\">www.medical-board.ch<\/a>) de 2-2-14 e o blog <a href=\"http:\/\/www.nogracias.eu\/\" target=\"_blank\" rel=\"noopener\">Non Gracias<\/a> no estado espa\u00f1ol. A Sociedade Espa\u00f1ola de Epidemioloxia dedicar\u00e1 unha ponencia ao estado actual da custi\u00f3n na XXXII Xuntanza que se celebrar\u00e1 en Alicante os d\u00edas 3-5 de setembro de 2014. Sin embargo as d\u00fabidas sobre a mamografia sistem\u00e1tica ve\u00f1en de lonxe. Xa no 1.996 un informe  do Observatorio de Programas do Ministerio de Sanidade espa\u00f1ol advert\u00eda de que non estaba demostrada a eficacia global dos programas.<\/em><\/p>\n<p><em>O grupo de apoio a AGE de Ribadeo convoca unha charla-coloquio o pr\u00f3ximo venres, 9 de Maio, \u00e1s 20.00 h na Casa do Mar co tiduo &#8220;PROS E CONTRAS DAS INTERVENCIONS SANITARIAS, O CASO DA MAMOGRAFIA PERIODICA E OS TRATAMENTOS HORMONAIS SUSTITUTIVOS&#8221;.<\/em><\/p>\n<p><em>A charla ser\u00e1 impartida pola Dra. Carmen Mosquera Tenreiro, epidemi\u00f3loga da Conseller\u00eda de Sanidade de Asturias, unha muller comprometida no movemento feminista e outros colectivos sociais e con ampla experiencia en promoci\u00f3n da saude. Carmen Mosquera ten publicado un traballo sobre estes temas no ano 2005 tras unha conferencia celebrada en Barcelona.<\/em><\/p>\n<p><a href=\"https:\/\/blogger.googleusercontent.com\/img\/b\/R29vZ2xl\/AVvXsEhIxz-xrZfK2oWTb73tuZzT0G6LTRfrttfss-cIF9vgxzuY_WN_Y4MqvqViXFQEl8mMZuCe0MKxEh626TLyuRnpNrtzL0H4eVNl9meDSM0Gv7S8-dirPZXIL4feqiXFIDLq-aIm7g\/s2048\/Mamograf%C3%ADas.jpg\" imageanchor=\"1\" style=\"margin-left: 1em; margin-right: 1em;\"><img loading=\"lazy\" decoding=\"async\" src=\"https:\/\/blogger.googleusercontent.com\/img\/b\/R29vZ2xl\/AVvXsEhIxz-xrZfK2oWTb73tuZzT0G6LTRfrttfss-cIF9vgxzuY_WN_Y4MqvqViXFQEl8mMZuCe0MKxEh626TLyuRnpNrtzL0H4eVNl9meDSM0Gv7S8-dirPZXIL4feqiXFIDLq-aIm7g\/s2048\/Mamograf%C3%ADas.jpg\" height=\"640\" width=\"442\" \/><\/a><\/p>\n","protected":false},"excerpt":{"rendered":"<p>Dende hai tempo en Ribadeo hai unha oferta cultural ampla, con diversas tendencias. Ven a conto de que diversas asociaci\u00f3ns e grupos s\u00famanse \u00e1 tam\u00e9n ampla oferta do concello para tentar dinamizar a participaci\u00f3n, formaci\u00f3n e discusi\u00f3n de temas, de candentes a interesantes. A \u00faltima, unha charla sobre mamograf\u00edas para este venres. Deixo a nota [&hellip;]<\/p>\n","protected":false},"author":3,"featured_media":0,"comment_status":"open","ping_status":"closed","sticky":false,"template":"","format":"standard","meta":{"activitypub_content_warning":"","activitypub_content_visibility":"","activitypub_max_image_attachments":3,"activitypub_interaction_policy_quote":"anyone","activitypub_status":"federated","footnotes":""},"categories":[1],"tags":[9],"class_list":["post-6874","post","type-post","status-publish","format-standard","hentry","category-sen-categoria","tag-sociedade"],"_links":{"self":[{"href":"https:\/\/blogs.amarinha.gal\/ribadeando\/wp-json\/wp\/v2\/posts\/6874","targetHints":{"allow":["GET"]}}],"collection":[{"href":"https:\/\/blogs.amarinha.gal\/ribadeando\/wp-json\/wp\/v2\/posts"}],"about":[{"href":"https:\/\/blogs.amarinha.gal\/ribadeando\/wp-json\/wp\/v2\/types\/post"}],"author":[{"embeddable":true,"href":"https:\/\/blogs.amarinha.gal\/ribadeando\/wp-json\/wp\/v2\/users\/3"}],"replies":[{"embeddable":true,"href":"https:\/\/blogs.amarinha.gal\/ribadeando\/wp-json\/wp\/v2\/comments?post=6874"}],"version-history":[{"count":0,"href":"https:\/\/blogs.amarinha.gal\/ribadeando\/wp-json\/wp\/v2\/posts\/6874\/revisions"}],"wp:attachment":[{"href":"https:\/\/blogs.amarinha.gal\/ribadeando\/wp-json\/wp\/v2\/media?parent=6874"}],"wp:term":[{"taxonomy":"category","embeddable":true,"href":"https:\/\/blogs.amarinha.gal\/ribadeando\/wp-json\/wp\/v2\/categories?post=6874"},{"taxonomy":"post_tag","embeddable":true,"href":"https:\/\/blogs.amarinha.gal\/ribadeando\/wp-json\/wp\/v2\/tags?post=6874"}],"curies":[{"name":"wp","href":"https:\/\/api.w.org\/{rel}","templated":true}]}}