{"id":6863,"date":"2014-05-20T08:02:00","date_gmt":"2014-05-20T06:02:00","guid":{"rendered":""},"modified":"2024-11-12T14:11:03","modified_gmt":"2024-11-12T13:11:03","slug":"algo-do-extranxeiro","status":"publish","type":"post","link":"https:\/\/blogs.amarinha.gal\/ribadeando\/2014\/05\/20\/algo-do-extranxeiro\/","title":{"rendered":"Algo do extranxeiro"},"content":{"rendered":"<p>Agora resulta, a d\u00edas das europeas, que un &#8216;partido minoritario&#8217;, deses que segundo Mariano Rajoy, votarlles \u00e9 perder o voto, vence nas elecci\u00f3ns municipais gregas, despois de converterse no segundo partido no parlamento e ser creado hai pouqui\u00f1os anos. Isto, pola esquerda. Pola dereita, rematan as municipais francesas cun ascenso que deixa \u00e1 ultradereita nunha posici\u00f3n c\u00f3moda nos primeiros lugares, despois de moitos anos como ampliamente minoritaria e un espertar de hai poucos anos.<\/p>\n<p>Hai abondos m\u00e1is casos, quiz\u00e1is non tan relevantes de xeito recente, pero indicativos. E, nesta situaci\u00f3n, \u00e9 normal lembrar que Hitler subiu \u00f3 poder co 33% dos votos emitidos, como un aviso do que pode pasar como algo &#8216;desagradable&#8217;. Non contan as cr\u00f3nicas de outras situaci\u00f3ns &#8216;desagradables&#8217; por voto semellante \u00e1 esquerda, a\u00ednda que seguro que as hai, repetibles asemade. Pero tampouco fan fincap\u00e9 en que a situaci\u00f3ns extremas (pol\u00edticas) ch\u00e9gase forzados pola mesma pol\u00edtica, como o abandono do poder do pobo ou o secuestro do poder por algunha minor\u00eda. Tampouco se di que nas \u00e9pocas de incertidume c\u00f3rrense grandes perigos , f\u00e1ise fronte a grandes desaf\u00edos, pero tam\u00e9n se constr\u00faen os grandes \u00e9xitos. E sil\u00e9nciase. Sil\u00e9ncianse ou tentan desprestixiarse casos como o tratamento da d\u00e9beda por Islandia ou a transformaci\u00f3n pac\u00edfica do Uruguai; casos que pretenden avanzar cara \u00e1 igualdade son atacados de xeito internacional non tanto por naci\u00f3ns como por intereses econ\u00f3micos e as relaci\u00f3ns pol\u00edticas coas que mante\u00f1en lazos&#8230;<\/p>\n<p>E n\u00f3s, a d\u00edas das europeas, contemplando este panorama \u00f3 tempo que captando o rid\u00edculo dos grandes partidos facendo colar gato xa non por lebre, sen\u00f3n por lagarto, ou aniquilamento propio por estratexia de gran pol\u00edtica.<\/p>\n<p>S\u00f3 para pensar un pouco m\u00e1is&#8230;<\/p>\n","protected":false},"excerpt":{"rendered":"<p>Agora resulta, a d\u00edas das europeas, que un &#8216;partido minoritario&#8217;, deses que segundo Mariano Rajoy, votarlles \u00e9 perder o voto, vence nas elecci\u00f3ns municipais gregas, despois de converterse no segundo partido no parlamento e ser creado hai pouqui\u00f1os anos. Isto, pola esquerda. Pola dereita, rematan as municipais francesas cun ascenso que deixa \u00e1 ultradereita nunha [&hellip;]<\/p>\n","protected":false},"author":3,"featured_media":0,"comment_status":"open","ping_status":"closed","sticky":false,"template":"","format":"standard","meta":{"activitypub_content_warning":"","activitypub_content_visibility":"","activitypub_max_image_attachments":3,"activitypub_interaction_policy_quote":"anyone","activitypub_status":"federated","footnotes":""},"categories":[1],"tags":[13],"class_list":["post-6863","post","type-post","status-publish","format-standard","hentry","category-sen-categoria","tag-politica"],"_links":{"self":[{"href":"https:\/\/blogs.amarinha.gal\/ribadeando\/wp-json\/wp\/v2\/posts\/6863","targetHints":{"allow":["GET"]}}],"collection":[{"href":"https:\/\/blogs.amarinha.gal\/ribadeando\/wp-json\/wp\/v2\/posts"}],"about":[{"href":"https:\/\/blogs.amarinha.gal\/ribadeando\/wp-json\/wp\/v2\/types\/post"}],"author":[{"embeddable":true,"href":"https:\/\/blogs.amarinha.gal\/ribadeando\/wp-json\/wp\/v2\/users\/3"}],"replies":[{"embeddable":true,"href":"https:\/\/blogs.amarinha.gal\/ribadeando\/wp-json\/wp\/v2\/comments?post=6863"}],"version-history":[{"count":0,"href":"https:\/\/blogs.amarinha.gal\/ribadeando\/wp-json\/wp\/v2\/posts\/6863\/revisions"}],"wp:attachment":[{"href":"https:\/\/blogs.amarinha.gal\/ribadeando\/wp-json\/wp\/v2\/media?parent=6863"}],"wp:term":[{"taxonomy":"category","embeddable":true,"href":"https:\/\/blogs.amarinha.gal\/ribadeando\/wp-json\/wp\/v2\/categories?post=6863"},{"taxonomy":"post_tag","embeddable":true,"href":"https:\/\/blogs.amarinha.gal\/ribadeando\/wp-json\/wp\/v2\/tags?post=6863"}],"curies":[{"name":"wp","href":"https:\/\/api.w.org\/{rel}","templated":true}]}}