{"id":6859,"date":"2014-05-26T00:09:00","date_gmt":"2014-05-25T22:09:00","guid":{"rendered":""},"modified":"2024-11-12T14:10:51","modified_gmt":"2024-11-12T13:10:51","slug":"a-estas-alturas-todo-o-mundo-sabe-ou","status":"publish","type":"post","link":"https:\/\/blogs.amarinha.gal\/ribadeando\/2014\/05\/26\/a-estas-alturas-todo-o-mundo-sabe-ou\/","title":{"rendered":"Europeas 2014 en Ribadeo"},"content":{"rendered":"<p>A estas alturas todo o mundo sabe ou pode saber o resultado das europeas. Co\u00f1ecer como foi en Ribadeo, p\u00f3dese saber, pero xa non \u00e9 tan doado. Collo os datos das de 2009 (m\u00e1is na entrada correspondente do blog para as <a href=\"http:\/\/ribadeando.blogspot.com.es\/2009\/06\/rer-resultados-europeas-ribadeo.html\" target=\"_blank\" rel=\"noopener\">europeas 2009 en Ribadeo<\/a>) e destas (tomados para Ribadeo dende &#8216;<a href=\"http:\/\/resultados.elpais.com\/elecciones\/2014\/europeas\/11\/27\/51.html\" target=\"_blank\" rel=\"noopener\">El Pa\u00eds<\/a>&#8216;) e comparo. Polo momento, nun <a href=\"https:\/\/docs.google.com\/spreadsheets\/d\/1cuCD2wi01gvtBQYQhSIyt1u1-UMi4M_9WvT64nLgC7w\/edit#gid=1081215613\" target=\"_blank\" rel=\"noopener\">ficheiro externo<\/a> que podedes ver cos datos de 2004, 2009 e 2014; m\u00e1is adiante, gr\u00e1ficos aqu\u00ed mesmo.<\/p>\n<p>Actualizaci\u00f3n en <a href=\"http:\/\/ribadeando.blogspot.com.es\/2014\/05\/as-europeas-en-ribadeo-un-resume-en.html\">http:\/\/ribadeando.blogspot.com.es\/2014\/05\/as-europeas-en-ribadeo-un-resume-en.html<\/a><\/p>\n","protected":false},"excerpt":{"rendered":"<p>A estas alturas todo o mundo sabe ou pode saber o resultado das europeas. Co\u00f1ecer como foi en Ribadeo, p\u00f3dese saber, pero xa non \u00e9 tan doado. Collo os datos das de 2009 (m\u00e1is na entrada correspondente do blog para as europeas 2009 en Ribadeo) e destas (tomados para Ribadeo dende &#8216;El Pa\u00eds&#8216;) e comparo. [&hellip;]<\/p>\n","protected":false},"author":3,"featured_media":0,"comment_status":"open","ping_status":"closed","sticky":false,"template":"","format":"standard","meta":{"activitypub_content_warning":"","activitypub_content_visibility":"","activitypub_max_image_attachments":3,"activitypub_interaction_policy_quote":"anyone","activitypub_status":"federate","footnotes":""},"categories":[1],"tags":[48],"class_list":["post-6859","post","type-post","status-publish","format-standard","hentry","category-sen-categoria","tag-eleccions"],"_links":{"self":[{"href":"https:\/\/blogs.amarinha.gal\/ribadeando\/wp-json\/wp\/v2\/posts\/6859","targetHints":{"allow":["GET"]}}],"collection":[{"href":"https:\/\/blogs.amarinha.gal\/ribadeando\/wp-json\/wp\/v2\/posts"}],"about":[{"href":"https:\/\/blogs.amarinha.gal\/ribadeando\/wp-json\/wp\/v2\/types\/post"}],"author":[{"embeddable":true,"href":"https:\/\/blogs.amarinha.gal\/ribadeando\/wp-json\/wp\/v2\/users\/3"}],"replies":[{"embeddable":true,"href":"https:\/\/blogs.amarinha.gal\/ribadeando\/wp-json\/wp\/v2\/comments?post=6859"}],"version-history":[{"count":0,"href":"https:\/\/blogs.amarinha.gal\/ribadeando\/wp-json\/wp\/v2\/posts\/6859\/revisions"}],"wp:attachment":[{"href":"https:\/\/blogs.amarinha.gal\/ribadeando\/wp-json\/wp\/v2\/media?parent=6859"}],"wp:term":[{"taxonomy":"category","embeddable":true,"href":"https:\/\/blogs.amarinha.gal\/ribadeando\/wp-json\/wp\/v2\/categories?post=6859"},{"taxonomy":"post_tag","embeddable":true,"href":"https:\/\/blogs.amarinha.gal\/ribadeando\/wp-json\/wp\/v2\/tags?post=6859"}],"curies":[{"name":"wp","href":"https:\/\/api.w.org\/{rel}","templated":true}]}}