{"id":6858,"date":"2014-05-26T08:03:00","date_gmt":"2014-05-26T06:03:00","guid":{"rendered":""},"modified":"2024-11-12T14:10:50","modified_gmt":"2024-11-12T13:10:50","slug":"as-europeas-en-ribadeo-un-resume-en","status":"publish","type":"post","link":"https:\/\/blogs.amarinha.gal\/ribadeando\/2014\/05\/26\/as-europeas-en-ribadeo-un-resume-en\/","title":{"rendered":"As europeas en Ribadeo. Un resume en catro gr\u00e1ficos"},"content":{"rendered":"<p>Onte, nada m\u00e1is rematar o escrutinio, colguei nunha <a href=\"http:\/\/ribadeando.blogspot.com.es\/2014\/05\/a-estas-alturas-todo-o-mundo-sabe-ou.html\" target=\"_blank\" rel=\"noopener\">entrada (Europeas 2014 en Ribadeo)<\/a> os datos nunha folla de c\u00e1lculo que se pode observar en aberto, xunto con datos de anos anteriores.<\/p>\n<p>Hoxe, s\u00f3 cun pouco de m\u00e1is calma, deixo catrro gr\u00e1ficos a modo de resume.<\/p>\n<p><a href=\"https:\/\/blogger.googleusercontent.com\/img\/b\/R29vZ2xl\/AVvXsEi7iXm-z9lJLMBuyszqpUj2J5BVAa5HquXr5u3424FygatW0WBiwWBvXLt3-tbeiNaabbt-gUbduh1hl9u9VGtXup2mEtMSdeVH5kz9Dm4VVt7mX3Kv2jPPMUj0489nYLDNxqKCsw\/s2048\/resume+europeas+abstencion.png\" imageanchor=\"1\" style=\"margin-left: 1em; margin-right: 1em;\"><img loading=\"lazy\" decoding=\"async\" src=\"https:\/\/blogger.googleusercontent.com\/img\/b\/R29vZ2xl\/AVvXsEi7iXm-z9lJLMBuyszqpUj2J5BVAa5HquXr5u3424FygatW0WBiwWBvXLt3-tbeiNaabbt-gUbduh1hl9u9VGtXup2mEtMSdeVH5kz9Dm4VVt7mX3Kv2jPPMUj0489nYLDNxqKCsw\/s2048\/resume+europeas+abstencion.png\" height=\"562\" width=\"640\" \/><\/a><\/p>\n<p>O primeiro gr\u00e1fico corresponde \u00e1 abstenci\u00f3n. Non se pode dicir que sexa rampante, pero aumentou algo m\u00e1is de mil persoas en d\u00faas elecci\u00f3ns, o que \u00e9 unha porcentaxe nada desprezable. Hai que preguntarse o por que.<\/p>\n<p><a href=\"https:\/\/blogger.googleusercontent.com\/img\/b\/R29vZ2xl\/AVvXsEiALXkH_75_HoB-i6Wi17b4cYXyH6QaW2fD5fEZjiAuIvb42ZmVaYCPRwpEVkv7TNkF1M7HWPxbIKSDmp1XSTYJmP0RPmqQMv0UjxiLi-oxBTD_8vW57xcnO6I9ndKbrCLDtwaeig\/s2048\/resume+europeas+taboa.png\" imageanchor=\"1\" style=\"margin-left: 1em; margin-right: 1em;\"><img loading=\"lazy\" decoding=\"async\" src=\"https:\/\/blogger.googleusercontent.com\/img\/b\/R29vZ2xl\/AVvXsEiALXkH_75_HoB-i6Wi17b4cYXyH6QaW2fD5fEZjiAuIvb42ZmVaYCPRwpEVkv7TNkF1M7HWPxbIKSDmp1XSTYJmP0RPmqQMv0UjxiLi-oxBTD_8vW57xcnO6I9ndKbrCLDtwaeig\/s2048\/resume+europeas+taboa.png\" height=\"380\" width=\"640\" \/><\/a><\/p>\n<p>O segundo corresponde a unha t\u00e1boa resume cos n\u00fameros principais das tres \u00faltimas elecci\u00f3ns, que complementa \u00e1s figuras posteriores, onde se desenvolve a t\u00e1boa.<\/p>\n<p>A primeira das gr\u00e1ficas seguintes \u00e9 un &#8216;resume do resume&#8217;, pois s\u00f3 pn en tres capas (2004 a m\u00e1is interna, 2009 a intermedia, 2014 a externa) a relaci\u00f3n de persoas que optaron por absterse, as que optaron por votar PP ou PSOE e o resto, observando unha figura curiosa como de pinza que se come o voto dos &#8216;grandes partidos estatais&#8217;, reducidos a unha cuarta parte do total posible en 2014:<\/p>\n<p><a href=\"https:\/\/blogger.googleusercontent.com\/img\/b\/R29vZ2xl\/AVvXsEhcF63b346CpEejAIDMmvJDiBGwItkScgmCsl5_h8S-wxw2haTCYZTr05XoPLVCZHXGGF5HHyNRxjW_h-RWA4WoDa1j3Iy9b5hqkboNFkD1_gW9qO_UvWrssVo4cd67Qf9EQg6_ag\/s2048\/resume+europeas+PPSOE.png\" imageanchor=\"1\" style=\"margin-left: 1em; margin-right: 1em;\"><img loading=\"lazy\" decoding=\"async\" src=\"https:\/\/blogger.googleusercontent.com\/img\/b\/R29vZ2xl\/AVvXsEhcF63b346CpEejAIDMmvJDiBGwItkScgmCsl5_h8S-wxw2haTCYZTr05XoPLVCZHXGGF5HHyNRxjW_h-RWA4WoDa1j3Iy9b5hqkboNFkD1_gW9qO_UvWrssVo4cd67Qf9EQg6_ag\/s2048\/resume+europeas+PPSOE.png\" height=\"430\" width=\"640\" \/><\/a><\/p>\n<p>A \u00faltima, a t\u00e1boa desenvolta, onde se nota a imaxe anterior fragmentada en pequenas opci\u00f3ns. A ter en conta que o primeiro partido que non aparece desglosado, se non englosado en &#8216;outros&#8217;, \u00e9 Cidad\u00e1ns, con 58 votos, a quinta parte que o \u00faltimo refeirdo de xeito desglosado, UPyD con m\u00e1is do doble.<\/p>\n<p><a href=\"https:\/\/blogger.googleusercontent.com\/img\/b\/R29vZ2xl\/AVvXsEjoBBaNkjNem1W4j-rzjnjErEWSDsbZI-SBbVQGRTybGB3c8me4GHJD9YNbMgHgF_sVL1vGpSF6tGsHM_wQyxI6yt0F7L8Vlt1U2FkCzdpMk4e0bL8n9710y7HdymOof7sMDeKLfg\/s2048\/resume+europeas+todos.png\" imageanchor=\"1\" style=\"margin-left: 1em; margin-right: 1em;\"><img loading=\"lazy\" decoding=\"async\" src=\"https:\/\/blogger.googleusercontent.com\/img\/b\/R29vZ2xl\/AVvXsEjoBBaNkjNem1W4j-rzjnjErEWSDsbZI-SBbVQGRTybGB3c8me4GHJD9YNbMgHgF_sVL1vGpSF6tGsHM_wQyxI6yt0F7L8Vlt1U2FkCzdpMk4e0bL8n9710y7HdymOof7sMDeKLfg\/s2048\/resume+europeas+todos.png\" height=\"406\" width=\"640\" \/><\/a><\/p>\n<p>Catro gr\u00e1ficos para pensar. Coido que poder\u00eda dar unha explicaci\u00f3n do reparto, pero estimo que haber\u00e1 moita xente que a dea a nivel estatal, e que ser\u00eda preferible que cada quen botara as s\u00faas contas.<\/p>\n<p>Por certo, nalgunha mesa, se hab\u00eda papeletas dalg\u00fan partido concreto, estaban ben ocultas.<\/p>\n<p>A <a href=\"http:\/\/www.europarl.europa.eu\/meps\/es\/map.html\" target=\"_blank\" rel=\"noopener\">ligaz\u00f3n \u00e1 paxina oficial<\/a>.<\/p>\n","protected":false},"excerpt":{"rendered":"<p>Onte, nada m\u00e1is rematar o escrutinio, colguei nunha entrada (Europeas 2014 en Ribadeo) os datos nunha folla de c\u00e1lculo que se pode observar en aberto, xunto con datos de anos anteriores. Hoxe, s\u00f3 cun pouco de m\u00e1is calma, deixo catrro gr\u00e1ficos a modo de resume. O primeiro gr\u00e1fico corresponde \u00e1 abstenci\u00f3n. Non se pode dicir [&hellip;]<\/p>\n","protected":false},"author":3,"featured_media":0,"comment_status":"open","ping_status":"closed","sticky":false,"template":"","format":"standard","meta":{"activitypub_content_warning":"","activitypub_content_visibility":"","activitypub_max_image_attachments":3,"activitypub_interaction_policy_quote":"anyone","activitypub_status":"federated","footnotes":""},"categories":[1],"tags":[48],"class_list":["post-6858","post","type-post","status-publish","format-standard","hentry","category-sen-categoria","tag-eleccions"],"_links":{"self":[{"href":"https:\/\/blogs.amarinha.gal\/ribadeando\/wp-json\/wp\/v2\/posts\/6858","targetHints":{"allow":["GET"]}}],"collection":[{"href":"https:\/\/blogs.amarinha.gal\/ribadeando\/wp-json\/wp\/v2\/posts"}],"about":[{"href":"https:\/\/blogs.amarinha.gal\/ribadeando\/wp-json\/wp\/v2\/types\/post"}],"author":[{"embeddable":true,"href":"https:\/\/blogs.amarinha.gal\/ribadeando\/wp-json\/wp\/v2\/users\/3"}],"replies":[{"embeddable":true,"href":"https:\/\/blogs.amarinha.gal\/ribadeando\/wp-json\/wp\/v2\/comments?post=6858"}],"version-history":[{"count":0,"href":"https:\/\/blogs.amarinha.gal\/ribadeando\/wp-json\/wp\/v2\/posts\/6858\/revisions"}],"wp:attachment":[{"href":"https:\/\/blogs.amarinha.gal\/ribadeando\/wp-json\/wp\/v2\/media?parent=6858"}],"wp:term":[{"taxonomy":"category","embeddable":true,"href":"https:\/\/blogs.amarinha.gal\/ribadeando\/wp-json\/wp\/v2\/categories?post=6858"},{"taxonomy":"post_tag","embeddable":true,"href":"https:\/\/blogs.amarinha.gal\/ribadeando\/wp-json\/wp\/v2\/tags?post=6858"}],"curies":[{"name":"wp","href":"https:\/\/api.w.org\/{rel}","templated":true}]}}