{"id":6857,"date":"2014-05-27T07:51:00","date_gmt":"2014-05-27T05:51:00","guid":{"rendered":""},"modified":"2024-11-12T14:10:49","modified_gmt":"2024-11-12T13:10:49","slug":"proxeccion-politica-europa-dende-ribadeo","status":"publish","type":"post","link":"https:\/\/blogs.amarinha.gal\/ribadeando\/2014\/05\/27\/proxeccion-politica-europa-dende-ribadeo\/","title":{"rendered":"Proxecci\u00f3n pol\u00edtica a Europa dende Ribadeo"},"content":{"rendered":"<p>Anteriores: <a href=\"http:\/\/ribadeando.blogspot.com.es\/2014\/05\/a-estas-alturas-todo-o-mundo-sabe-ou.html\" target=\"_blank\" rel=\"noopener\">Europeas en Ribadeo<\/a> e <a href=\"http:\/\/ribadeando.blogspot.com.es\/2014\/05\/as-europeas-en-ribadeo-un-resume-en.html\" target=\"_blank\" rel=\"noopener\">As europeas en Ribadeo: un resume en catro gr\u00e1ficos<\/a>.<\/p>\n<p>Sabido \u00e9 que Ribadeo non \u00e9 unha rep\u00fablica, e que polo tanto, a asignaci\u00f3n de escanos \u00f3 voto ribadense non \u00e9 m\u00e1is que un xogo de proxecci\u00f3n te\u00f3rica. a\u00ednda as\u00ed, e vistos os resultados electorais, xogar un pouco cos n\u00fameros para ver que resultar\u00eda se Ribadeo fora unha rep\u00fablica independente pode dar lugar a unha mellor comprensi\u00f3n da realidade do pobo. A\u00ed van pois d\u00faas gr\u00e1ficas m\u00e1is e as t\u00e1boas correspondentes, con esas proxecci\u00f3ns de escanos, repartindo cos votos ribadenses os escanos que corresponden a Espa\u00f1a, 54.<\/p>\n<p>A primeira corresponde \u00f3 reparto do n\u00famero de escanos que lle corresponde a Espa\u00f1a a partir do que fixo cada votante Ribadense, co m\u00e9todo d&#8217;Hondt. O reparto de escanos incl\u00fae polo tanto \u00e1 abstenci\u00f3n, e chega a repartir escanos ata Podemos.&nbsp; A abstenci\u00f3n, en azul, case copa 2\/3 dos postos, e por pouco non consegue outro escano m\u00e1is, que lle arrebatar\u00eda \u00f3 PP. A segunda forza, o PP, obter\u00eda xusto a metade dos escanos restantes.<\/p>\n<p><a href=\"https:\/\/blogger.googleusercontent.com\/img\/b\/R29vZ2xl\/AVvXsEgeh6GSoSAINeGUcaYyEBnOHYB0zzTv9l9NYV8Zfwng-LSvudZ2JjpbgJxGN3KhCSgtZycx8ht7S3Q2LZPtonSxHI4NjXx9YkY1x2-EhYdQeywgb6EOUVuo9hYIBcDb8tdz5boj2g\/s2048\/escanos+Ribadeo+2014+2.png\" imageanchor=\"1\" style=\"margin-left: 1em; margin-right: 1em;\"><img loading=\"lazy\" decoding=\"async\" src=\"https:\/\/blogger.googleusercontent.com\/img\/b\/R29vZ2xl\/AVvXsEgeh6GSoSAINeGUcaYyEBnOHYB0zzTv9l9NYV8Zfwng-LSvudZ2JjpbgJxGN3KhCSgtZycx8ht7S3Q2LZPtonSxHI4NjXx9YkY1x2-EhYdQeywgb6EOUVuo9hYIBcDb8tdz5boj2g\/s2048\/escanos+Ribadeo+2014+2.png\" height=\"268\" width=\"640\" \/><\/a><\/p>\n<p>A segunda \u00e9 m\u00e1is &#8216;cl\u00e1sica&#8217;: s\u00f3 contan os partidos. Nese caso, os cinco partidos anteriores (Podemos pasar\u00eda a ter catro escanos) incrementar\u00edanse con dous m\u00e1is, UPyD e Cidad\u00e1ns, dando un cadro radicalmente diferente, no que PP (neste caso en azul, con m\u00e1is de 2\/5 dos escanos) e PSOE conxuntamente acadar\u00edan unha cadeira m\u00e1is que no caso anterior a abstenci\u00f3n, quedando o resto dos partidos con 1\/3 do reparto. De calquera xeito, o PP non obter\u00eda de lonxe maior\u00eda absoluta.<\/p>\n<p><a href=\"https:\/\/blogger.googleusercontent.com\/img\/b\/R29vZ2xl\/AVvXsEgPKP8uQtLW6WIruYOuQcv-m8Y-VC09wWB_GLQnydz_shtmgkgezbwOMlKoJL1300YHGlzeWDzTm7AmJoH_VLadVcvYqjMnwWYwOcJ1P4ZvtTdAyEFVf2bDX3BEZ2Wzw60afHlykA\/s2048\/escanos+Ribadeo+2014.png\" imageanchor=\"1\" style=\"margin-left: 1em; margin-right: 1em;\"><img loading=\"lazy\" decoding=\"async\" src=\"https:\/\/blogger.googleusercontent.com\/img\/b\/R29vZ2xl\/AVvXsEgPKP8uQtLW6WIruYOuQcv-m8Y-VC09wWB_GLQnydz_shtmgkgezbwOMlKoJL1300YHGlzeWDzTm7AmJoH_VLadVcvYqjMnwWYwOcJ1P4ZvtTdAyEFVf2bDX3BEZ2Wzw60afHlykA\/s2048\/escanos+Ribadeo+2014.png\" height=\"292\" width=\"640\" \/><\/a><\/p>\n<p>E ata aqu\u00ed, os n\u00fameros das europeas. A comparar cos n\u00famero de anteriores elecci\u00f3ns, tanto europeas, como locales (coas que se observa un maior contraste pola hexemon\u00eda do BNG\/alcalde) galegas ou estatais (con&nbsp; datos m\u00e1is parellos \u00f3s aqu\u00ed expostos, pero de calquera xeito, a\u00ednda con mentalidade pre-crise).<\/p>\n<p>Ligaz\u00f3n \u00e1 <a href=\"http:\/\/www.europarl.europa.eu\/meps\/es\/map.html\" target=\"_blank\" rel=\"noopener\">p\u00e1xina oficial das elecci\u00f3ns europeas 2014<\/a>.<\/p>\n","protected":false},"excerpt":{"rendered":"<p>Anteriores: Europeas en Ribadeo e As europeas en Ribadeo: un resume en catro gr\u00e1ficos. Sabido \u00e9 que Ribadeo non \u00e9 unha rep\u00fablica, e que polo tanto, a asignaci\u00f3n de escanos \u00f3 voto ribadense non \u00e9 m\u00e1is que un xogo de proxecci\u00f3n te\u00f3rica. a\u00ednda as\u00ed, e vistos os resultados electorais, xogar un pouco cos n\u00fameros para [&hellip;]<\/p>\n","protected":false},"author":3,"featured_media":0,"comment_status":"open","ping_status":"closed","sticky":false,"template":"","format":"standard","meta":{"activitypub_content_warning":"","activitypub_content_visibility":"","activitypub_max_image_attachments":3,"activitypub_interaction_policy_quote":"anyone","activitypub_status":"federated","footnotes":""},"categories":[1],"tags":[48],"class_list":["post-6857","post","type-post","status-publish","format-standard","hentry","category-sen-categoria","tag-eleccions"],"_links":{"self":[{"href":"https:\/\/blogs.amarinha.gal\/ribadeando\/wp-json\/wp\/v2\/posts\/6857","targetHints":{"allow":["GET"]}}],"collection":[{"href":"https:\/\/blogs.amarinha.gal\/ribadeando\/wp-json\/wp\/v2\/posts"}],"about":[{"href":"https:\/\/blogs.amarinha.gal\/ribadeando\/wp-json\/wp\/v2\/types\/post"}],"author":[{"embeddable":true,"href":"https:\/\/blogs.amarinha.gal\/ribadeando\/wp-json\/wp\/v2\/users\/3"}],"replies":[{"embeddable":true,"href":"https:\/\/blogs.amarinha.gal\/ribadeando\/wp-json\/wp\/v2\/comments?post=6857"}],"version-history":[{"count":0,"href":"https:\/\/blogs.amarinha.gal\/ribadeando\/wp-json\/wp\/v2\/posts\/6857\/revisions"}],"wp:attachment":[{"href":"https:\/\/blogs.amarinha.gal\/ribadeando\/wp-json\/wp\/v2\/media?parent=6857"}],"wp:term":[{"taxonomy":"category","embeddable":true,"href":"https:\/\/blogs.amarinha.gal\/ribadeando\/wp-json\/wp\/v2\/categories?post=6857"},{"taxonomy":"post_tag","embeddable":true,"href":"https:\/\/blogs.amarinha.gal\/ribadeando\/wp-json\/wp\/v2\/tags?post=6857"}],"curies":[{"name":"wp","href":"https:\/\/api.w.org\/{rel}","templated":true}]}}